{"id":60248,"date":"2020-08-17T12:04:49","date_gmt":"2020-08-17T15:04:49","guid":{"rendered":"https:\/\/blogdoedvaldomagalhaes.com.br\/?p=60248"},"modified":"2020-08-17T12:13:23","modified_gmt":"2020-08-17T15:13:23","slug":"medicos-interrompem-gravidez-de-menina-de-10-anos-estuprada-pelo-tio","status":"publish","type":"post","link":"https:\/\/blogdoedvaldomagalhaes.com.br\/index.php\/2020\/08\/17\/medicos-interrompem-gravidez-de-menina-de-10-anos-estuprada-pelo-tio\/","title":{"rendered":"M\u00e9dicos interrompem gravidez de menina de 10 anos estuprada pelo tio"},"content":{"rendered":"<p style=\"text-align: justify;\">A equipe m\u00e9dica do Centro Integrado de Sa\u00fade Amaury de Medeiros, em Recife, interrompeu a gesta\u00e7\u00e3o da menina de 10 anos de idade, que foi estuprada pelo pr\u00f3prio tio, em S\u00e3o Mateus, no interior do Esp\u00edrito Santo. O procedimento foi autorizado pela justi\u00e7a do Esp\u00edrito Santo. O m\u00e9dico\u00a0Olimpio Barbosa de Morais Filho, foi o respons\u00e1vel pelo procedimento, e disse que a crian\u00e7a deve retornar a cidade de S\u00e3o Mateus, na quarta-feira (19).<\/p>\n<p style=\"text-align: justify;\">O procedimento consistiu na inje\u00e7\u00e3o de medicamento para levar o feto a \u00f3bito, na noite desse domingo (16) e na madrugada desta segunda-feira (17) teve in\u00edcio a segunda etapa, com a indu\u00e7\u00e3o da expuls\u00e3o do feto, tamb\u00e9m feita por medicamento. Essa etapa, com a limpeza total do \u00fatero, foi conclu\u00edda no meio desta manh\u00e3.<\/p>\n<p style=\"text-align: justify;\"><strong>Entenda o caso<\/strong><br \/>\nA menina, que reside em S\u00e3o Mateus, a 200km de Vit\u00f3ria (ES), foi abusada sexualmente durante quatro anos pelo marido de uma tia. O homem, de 33 anos, foi indiciado pelos crimes de amea\u00e7a e estupro de vulner\u00e1vel e est\u00e1 foragido.<\/p>\n<p style=\"text-align: justify;\">O aborto foi autorizado pela Justi\u00e7a, mas os funcion\u00e1rios de um hospital da capital capixaba se recusaram a realizar o procedimento legal. Nesse domingo (16), a menina, acompanhada da av\u00f3, viajou para o Recife e deu entrada no Cisam-UPE, onde realizou o processo.<\/p>\n<p style=\"text-align: justify;\">A identidade da menina e o nome do hospital foram divulgados nas redes sociais pela extremista Sara Winter. Ap\u00f3s a divulga\u00e7\u00e3o, manifestantes contra o aborto se concentraram em frente \u00e0 unidade hospitalar e tentaram impedir a realiza\u00e7\u00e3o do procedimento. M\u00e9dicos do hospital foram chamados de \u201cassassinos\u201d, e foi necess\u00e1ria interven\u00e7\u00e3o da Pol\u00edcia Militar para cessar o tumulto. Posteriormente, manifestantes pr\u00f3-aborto compareceram ao local e manifestaram solidariedade \u00e0 v\u00edtima e \u00e0 equipe m\u00e9dica.<\/p>\n<p style=\"text-align: justify;\">Foto: Divulga\u00e7\u00e3o\/Centro Integrado de Sa\u00fade Amaury de Medeiros, onde foi realizado o procedimento.<\/p>\n","protected":false},"excerpt":{"rendered":"<p>A equipe m\u00e9dica do Centro Integrado de Sa\u00fade Amaury de Medeiros, em Recife, interrompeu a gesta\u00e7\u00e3o da menina de 10&hellip;<\/p>\n","protected":false},"author":1,"featured_media":60249,"comment_status":"open","ping_status":"open","sticky":false,"template":"","format":"standard","meta":{"footnotes":""},"categories":[14120],"tags":[2,19251,19252],"class_list":["post-60248","post","type-post","status-publish","format-standard","has-post-thumbnail","hentry","category-noticias","tag-blog-do-edvaldo-magalhaes","tag-medicos-interrompem-gravidez-de-menina-de-10-anos-estuprada-pelo-tio","tag-sao-mateus"],"_links":{"self":[{"href":"https:\/\/blogdoedvaldomagalhaes.com.br\/index.php\/wp-json\/wp\/v2\/posts\/60248","targetHints":{"allow":["GET"]}}],"collection":[{"href":"https:\/\/blogdoedvaldomagalhaes.com.br\/index.php\/wp-json\/wp\/v2\/posts"}],"about":[{"href":"https:\/\/blogdoedvaldomagalhaes.com.br\/index.php\/wp-json\/wp\/v2\/types\/post"}],"author":[{"embeddable":true,"href":"https:\/\/blogdoedvaldomagalhaes.com.br\/index.php\/wp-json\/wp\/v2\/users\/1"}],"replies":[{"embeddable":true,"href":"https:\/\/blogdoedvaldomagalhaes.com.br\/index.php\/wp-json\/wp\/v2\/comments?post=60248"}],"version-history":[{"count":4,"href":"https:\/\/blogdoedvaldomagalhaes.com.br\/index.php\/wp-json\/wp\/v2\/posts\/60248\/revisions"}],"predecessor-version":[{"id":60253,"href":"https:\/\/blogdoedvaldomagalhaes.com.br\/index.php\/wp-json\/wp\/v2\/posts\/60248\/revisions\/60253"}],"wp:featuredmedia":[{"embeddable":true,"href":"https:\/\/blogdoedvaldomagalhaes.com.br\/index.php\/wp-json\/wp\/v2\/media\/60249"}],"wp:attachment":[{"href":"https:\/\/blogdoedvaldomagalhaes.com.br\/index.php\/wp-json\/wp\/v2\/media?parent=60248"}],"wp:term":[{"taxonomy":"category","embeddable":true,"href":"https:\/\/blogdoedvaldomagalhaes.com.br\/index.php\/wp-json\/wp\/v2\/categories?post=60248"},{"taxonomy":"post_tag","embeddable":true,"href":"https:\/\/blogdoedvaldomagalhaes.com.br\/index.php\/wp-json\/wp\/v2\/tags?post=60248"}],"curies":[{"name":"wp","href":"https:\/\/api.w.org\/{rel}","templated":true}]}}