{"id":60242,"date":"2020-08-17T10:34:55","date_gmt":"2020-08-17T13:34:55","guid":{"rendered":"https:\/\/blogdoedvaldomagalhaes.com.br\/?p=60242"},"modified":"2020-08-17T10:34:59","modified_gmt":"2020-08-17T13:34:59","slug":"prf-apreende-mais-de-2-milhoes-de-filtros-para-cigarro-sem-nota-fiscal-na-br-232","status":"publish","type":"post","link":"https:\/\/blogdoedvaldomagalhaes.com.br\/index.php\/2020\/08\/17\/prf-apreende-mais-de-2-milhoes-de-filtros-para-cigarro-sem-nota-fiscal-na-br-232\/","title":{"rendered":"PRF apreende mais de 2 milh\u00f5es de filtros para cigarro sem nota fiscal na BR 232"},"content":{"rendered":"<p style=\"text-align: justify;\">Uma carga de 2 milh\u00f5es e 100 mil filtros para cigarro sem nota fiscal foi apreendida na noite de domingo (16), na BR-232, em Sert\u00e2nia, no Sert\u00e3o de Pernambuco. A mercadoria era transportada em um caminh\u00e3o que foi retido em uma fiscaliza\u00e7\u00e3o da Pol\u00edcia Rodovi\u00e1ria Federal (PRF).<\/p>\n<p style=\"text-align: justify;\">O flagrante ocorreu durante a abordagem a um caminh\u00e3o com placas de Serra Talhada, no Km 278 da rodovia. Ao abrir o compartimento de carga do ve\u00edculo, foram encontradas centenas de caixa de papel\u00e3o com os filtros para cigarro.<\/p>\n<p style=\"text-align: justify;\">O motorista, de 43 anos, n\u00e3o portava a documenta\u00e7\u00e3o fiscal da mercadoria. Ele informou que os produtos haviam sa\u00eddo de Cust\u00f3dia, no Sert\u00e3o do estado, mas n\u00e3o disse onde seriam entregues.<\/p>\n<p style=\"text-align: justify;\">A carga foi encaminhada \u00e0 Secretaria da Fazenda de Pernambuco (Sefaz-PE), para a emiss\u00e3o dos tributos e multas provenientes da irregularidade<\/p>\n\n\n<figure class=\"wp-block-image size-large\"><img loading=\"lazy\" decoding=\"async\" width=\"1024\" height=\"576\" src=\"https:\/\/blogdoedvaldomagalhaes.com.br\/wp-content\/uploads\/2020\/08\/IMG-20200817-WA0022-1024x576.jpg\" alt=\"\" class=\"wp-image-60244\" srcset=\"https:\/\/blogdoedvaldomagalhaes.com.br\/wp-content\/uploads\/2020\/08\/IMG-20200817-WA0022-1024x576.jpg 1024w, https:\/\/blogdoedvaldomagalhaes.com.br\/wp-content\/uploads\/2020\/08\/IMG-20200817-WA0022-300x169.jpg 300w, https:\/\/blogdoedvaldomagalhaes.com.br\/wp-content\/uploads\/2020\/08\/IMG-20200817-WA0022-768x432.jpg 768w, https:\/\/blogdoedvaldomagalhaes.com.br\/wp-content\/uploads\/2020\/08\/IMG-20200817-WA0022-1140x641.jpg 1140w, https:\/\/blogdoedvaldomagalhaes.com.br\/wp-content\/uploads\/2020\/08\/IMG-20200817-WA0022-720x405.jpg 720w, https:\/\/blogdoedvaldomagalhaes.com.br\/wp-content\/uploads\/2020\/08\/IMG-20200817-WA0022.jpg 1280w\" sizes=\"auto, (max-width: 1024px) 100vw, 1024px\" \/><\/figure>\n\n\n\n<figure class=\"wp-block-image size-large\"><img loading=\"lazy\" decoding=\"async\" width=\"1024\" height=\"576\" src=\"https:\/\/blogdoedvaldomagalhaes.com.br\/wp-content\/uploads\/2020\/08\/IMG-20200817-WA0020-1024x576.jpg\" alt=\"\" class=\"wp-image-60245\" srcset=\"https:\/\/blogdoedvaldomagalhaes.com.br\/wp-content\/uploads\/2020\/08\/IMG-20200817-WA0020-1024x576.jpg 1024w, https:\/\/blogdoedvaldomagalhaes.com.br\/wp-content\/uploads\/2020\/08\/IMG-20200817-WA0020-300x169.jpg 300w, https:\/\/blogdoedvaldomagalhaes.com.br\/wp-content\/uploads\/2020\/08\/IMG-20200817-WA0020-768x432.jpg 768w, https:\/\/blogdoedvaldomagalhaes.com.br\/wp-content\/uploads\/2020\/08\/IMG-20200817-WA0020-1140x641.jpg 1140w, https:\/\/blogdoedvaldomagalhaes.com.br\/wp-content\/uploads\/2020\/08\/IMG-20200817-WA0020-720x405.jpg 720w, https:\/\/blogdoedvaldomagalhaes.com.br\/wp-content\/uploads\/2020\/08\/IMG-20200817-WA0020.jpg 1280w\" sizes=\"auto, (max-width: 1024px) 100vw, 1024px\" \/><\/figure>\n\n\n\n<figure class=\"wp-block-image size-large\"><img loading=\"lazy\" decoding=\"async\" width=\"1024\" height=\"570\" src=\"https:\/\/blogdoedvaldomagalhaes.com.br\/wp-content\/uploads\/2020\/08\/IMG-20200817-WA0021-1024x570.jpg\" alt=\"\" class=\"wp-image-60246\" srcset=\"https:\/\/blogdoedvaldomagalhaes.com.br\/wp-content\/uploads\/2020\/08\/IMG-20200817-WA0021-1024x570.jpg 1024w, https:\/\/blogdoedvaldomagalhaes.com.br\/wp-content\/uploads\/2020\/08\/IMG-20200817-WA0021-300x167.jpg 300w, https:\/\/blogdoedvaldomagalhaes.com.br\/wp-content\/uploads\/2020\/08\/IMG-20200817-WA0021-768x427.jpg 768w, https:\/\/blogdoedvaldomagalhaes.com.br\/wp-content\/uploads\/2020\/08\/IMG-20200817-WA0021.jpg 1292w\" sizes=\"auto, (max-width: 1024px) 100vw, 1024px\" \/><figcaption>Fotos: PRF\/Divulga\u00e7\u00e3o<\/figcaption><\/figure>\n","protected":false},"excerpt":{"rendered":"<p>Uma carga de 2 milh\u00f5es e 100 mil filtros para cigarro sem nota fiscal foi apreendida na noite de domingo&hellip;<\/p>\n","protected":false},"author":1,"featured_media":60243,"comment_status":"open","ping_status":"open","sticky":false,"template":"","format":"standard","meta":{"footnotes":""},"categories":[14121],"tags":[2,2278,19250],"class_list":["post-60242","post","type-post","status-publish","format-standard","has-post-thumbnail","hentry","category-policial","tag-blog-do-edvaldo-magalhaes","tag-policia-rodoviaria-federal","tag-prf-apreende-mais-de-2-milhoes-de-filtros-para-cigarro-sem-nota-fiscal-na-br-232"],"_links":{"self":[{"href":"https:\/\/blogdoedvaldomagalhaes.com.br\/index.php\/wp-json\/wp\/v2\/posts\/60242","targetHints":{"allow":["GET"]}}],"collection":[{"href":"https:\/\/blogdoedvaldomagalhaes.com.br\/index.php\/wp-json\/wp\/v2\/posts"}],"about":[{"href":"https:\/\/blogdoedvaldomagalhaes.com.br\/index.php\/wp-json\/wp\/v2\/types\/post"}],"author":[{"embeddable":true,"href":"https:\/\/blogdoedvaldomagalhaes.com.br\/index.php\/wp-json\/wp\/v2\/users\/1"}],"replies":[{"embeddable":true,"href":"https:\/\/blogdoedvaldomagalhaes.com.br\/index.php\/wp-json\/wp\/v2\/comments?post=60242"}],"version-history":[{"count":1,"href":"https:\/\/blogdoedvaldomagalhaes.com.br\/index.php\/wp-json\/wp\/v2\/posts\/60242\/revisions"}],"predecessor-version":[{"id":60247,"href":"https:\/\/blogdoedvaldomagalhaes.com.br\/index.php\/wp-json\/wp\/v2\/posts\/60242\/revisions\/60247"}],"wp:featuredmedia":[{"embeddable":true,"href":"https:\/\/blogdoedvaldomagalhaes.com.br\/index.php\/wp-json\/wp\/v2\/media\/60243"}],"wp:attachment":[{"href":"https:\/\/blogdoedvaldomagalhaes.com.br\/index.php\/wp-json\/wp\/v2\/media?parent=60242"}],"wp:term":[{"taxonomy":"category","embeddable":true,"href":"https:\/\/blogdoedvaldomagalhaes.com.br\/index.php\/wp-json\/wp\/v2\/categories?post=60242"},{"taxonomy":"post_tag","embeddable":true,"href":"https:\/\/blogdoedvaldomagalhaes.com.br\/index.php\/wp-json\/wp\/v2\/tags?post=60242"}],"curies":[{"name":"wp","href":"https:\/\/api.w.org\/{rel}","templated":true}]}}