{"id":60239,"date":"2020-08-17T09:46:56","date_gmt":"2020-08-17T12:46:56","guid":{"rendered":"https:\/\/blogdoedvaldomagalhaes.com.br\/?p=60239"},"modified":"2020-08-17T09:47:00","modified_gmt":"2020-08-17T12:47:00","slug":"tres-homicidios-registrados-em-caruaru-nesse-domingo-16","status":"publish","type":"post","link":"https:\/\/blogdoedvaldomagalhaes.com.br\/index.php\/2020\/08\/17\/tres-homicidios-registrados-em-caruaru-nesse-domingo-16\/","title":{"rendered":"Tr\u00eas homicidios registrados em Caruaru nesse domingo (16)"},"content":{"rendered":"<p style=\"text-align: justify;\">T\u00eas homic\u00eddios foram registrados nesse domingo (16), em Caruaru. O primeiro crime aconteceu no in\u00edcio da madrugada, na Vila Rafael, zona rural do munic\u00edpio. Adenilson Porf\u00edrio da Silva, 34 anos, foi morto a tiros dentro de casa e a esposa dele, Josefa Severina de Moura, foi socorrida pelo Samu para o Hospital Regional do Agreste (HRA).<\/p>\n<p style=\"text-align: justify;\">O segundo assassinato aconteceu no in\u00edcio da noite, na Favela Bonanza, bairro Santa Rosa. Alexandre Jos\u00e9 da Silva, 35 anos, foi baleado e socorrido para o HRA, mas n\u00e3o resistiu. A Pol\u00edcia Militar prendeu Willams Souza Silva, 27 anos, e Edmilson Jo\u00e3o dos Santos, 38, suspeitos do crime. Um terceiro envolvido, que teria emprestado a arma do crime, tamb\u00e9m foi detido.<\/p>\n<p style=\"text-align: justify;\">O terceiro homic\u00eddio foi registrado no bairro Nova Caruaru, tamb\u00e9m \u00e0 noite. Emerson Marcos da Silva, 19 anos, foi executado a tiros dentro de casa na 8\u00aa Travessa Panamericana. O jovem estava em companhia da esposa e de outra pessoa quando dois desconhecidos chegaram e atiraram contra v\u00edtima.<\/p>\n<p style=\"text-align: justify;\">Na noite de s\u00e1bado (15) aconteceram tr\u00eas tentativas de homic\u00eddio, duas no bairro Vassoural e uma no Monte Bom Jesus.<\/p>\n<p style=\"text-align: justify;\">Com estes tr\u00eas homic\u00eddios, sobe para 6 o n\u00famero de pessoas assassinadas em Caruaru no m\u00eas de agosto e para 86 de janeiro at\u00e9 agora.<\/p>\n","protected":false},"excerpt":{"rendered":"<p>T\u00eas homic\u00eddios foram registrados nesse domingo (16), em Caruaru. O primeiro crime aconteceu no in\u00edcio da madrugada, na Vila Rafael,&hellip;<\/p>\n","protected":false},"author":1,"featured_media":60240,"comment_status":"open","ping_status":"open","sticky":false,"template":"","format":"standard","meta":{"footnotes":""},"categories":[14121],"tags":[2,16881,19249],"class_list":["post-60239","post","type-post","status-publish","format-standard","has-post-thumbnail","hentry","category-policial","tag-blog-do-edvaldo-magalhaes","tag-caruaru-e-regiao","tag-tres-homicidios-registrados-em-caruaru-nesse-domingo-16"],"_links":{"self":[{"href":"https:\/\/blogdoedvaldomagalhaes.com.br\/index.php\/wp-json\/wp\/v2\/posts\/60239","targetHints":{"allow":["GET"]}}],"collection":[{"href":"https:\/\/blogdoedvaldomagalhaes.com.br\/index.php\/wp-json\/wp\/v2\/posts"}],"about":[{"href":"https:\/\/blogdoedvaldomagalhaes.com.br\/index.php\/wp-json\/wp\/v2\/types\/post"}],"author":[{"embeddable":true,"href":"https:\/\/blogdoedvaldomagalhaes.com.br\/index.php\/wp-json\/wp\/v2\/users\/1"}],"replies":[{"embeddable":true,"href":"https:\/\/blogdoedvaldomagalhaes.com.br\/index.php\/wp-json\/wp\/v2\/comments?post=60239"}],"version-history":[{"count":1,"href":"https:\/\/blogdoedvaldomagalhaes.com.br\/index.php\/wp-json\/wp\/v2\/posts\/60239\/revisions"}],"predecessor-version":[{"id":60241,"href":"https:\/\/blogdoedvaldomagalhaes.com.br\/index.php\/wp-json\/wp\/v2\/posts\/60239\/revisions\/60241"}],"wp:featuredmedia":[{"embeddable":true,"href":"https:\/\/blogdoedvaldomagalhaes.com.br\/index.php\/wp-json\/wp\/v2\/media\/60240"}],"wp:attachment":[{"href":"https:\/\/blogdoedvaldomagalhaes.com.br\/index.php\/wp-json\/wp\/v2\/media?parent=60239"}],"wp:term":[{"taxonomy":"category","embeddable":true,"href":"https:\/\/blogdoedvaldomagalhaes.com.br\/index.php\/wp-json\/wp\/v2\/categories?post=60239"},{"taxonomy":"post_tag","embeddable":true,"href":"https:\/\/blogdoedvaldomagalhaes.com.br\/index.php\/wp-json\/wp\/v2\/tags?post=60239"}],"curies":[{"name":"wp","href":"https:\/\/api.w.org\/{rel}","templated":true}]}}