{"id":60230,"date":"2020-08-16T19:58:58","date_gmt":"2020-08-16T22:58:58","guid":{"rendered":"https:\/\/blogdoedvaldomagalhaes.com.br\/?p=60230"},"modified":"2020-08-16T20:10:56","modified_gmt":"2020-08-16T23:10:56","slug":"brasil-ultrapassa-dois-milhoes-de-recuperados-da-covid-19","status":"publish","type":"post","link":"https:\/\/blogdoedvaldomagalhaes.com.br\/index.php\/2020\/08\/16\/brasil-ultrapassa-dois-milhoes-de-recuperados-da-covid-19\/","title":{"rendered":"Brasil ultrapassa dois milh\u00f5es de recuperados da Covid-19"},"content":{"rendered":"<p style=\"text-align: justify;\">O Brasil ultrapassou dois milh\u00f5es de recuperados da Covid-19. Em todo o pa\u00eds, s\u00e3o 2.432.456 de pessoas curadas da doen\u00e7a. No mundo, estima-se que pelo menos 13 milh\u00f5es de pessoas diagnosticadas com Covid-19 j\u00e1 se recuperaram. O n\u00famero de pessoas curadas no Brasil \u00e9 superior \u00e0 quantidade de casos ativos (799.889), que s\u00e3o os pacientes em acompanhamento m\u00e9dico. O registro de pessoas curadas j\u00e1 representa mais da metade do total de casos acumulados (72,8%). As informa\u00e7\u00f5es foram atualizadas \u00e0s 18h e foram enviadas pelas Secretarias Estaduais e Municipais de Sa\u00fade.<\/p>\n<p style=\"text-align: justify;\">A doen\u00e7a est\u00e1 presente em 98,4% dos munic\u00edpios brasileiros. Contudo, mais da metade das cidades (3.877) possuem entre 2 e 100 casos. Em rela\u00e7\u00e3o aos \u00f3bitos, 3.785 munic\u00edpios tiveram registros (68%), sendo que 768 deles apresentaram apenas um \u00f3bito confirmado.<\/p>\n<p style=\"text-align: justify;\">Neste momento, o Brasil tem 3.340.197 casos confirmados da doen\u00e7a, sendo 23.101 registrados nos sistemas nacionais nas \u00faltimas 24h.<\/p>\n<p style=\"text-align: justify;\">Em rela\u00e7\u00e3o aos \u00f3bitos, o Brasil possui 107.852 mortes por coronav\u00edrus. Nas \u00faltimas 24h, foram registradas 620 mortes nos sistemas oficiais, a maior parte aconteceu em outros per\u00edodos, mas tiveram conclus\u00e3o das investiga\u00e7\u00f5es com confirma\u00e7\u00f5es das causas por Covid-19 apenas neste per\u00edodo. Assim, 184 \u00f3bitos, de fato, ocorreram nos \u00faltimos tr\u00eas dias. Outros 3.468 seguem em investiga\u00e7\u00e3o.<\/p>\n<p style=\"text-align: justify;\">Ag\u00eancia de Sa\u00fade.<\/p>\n<p>Foto: Divulga\u00e7\u00e3o.<\/p>\n","protected":false},"excerpt":{"rendered":"<p>O Brasil ultrapassou dois milh\u00f5es de recuperados da Covid-19. Em todo o pa\u00eds, s\u00e3o 2.432.456 de pessoas curadas da doen\u00e7a.&hellip;<\/p>\n","protected":false},"author":1,"featured_media":60237,"comment_status":"open","ping_status":"open","sticky":false,"template":"","format":"standard","meta":{"footnotes":""},"categories":[14120],"tags":[2,19248,16881,17948],"class_list":["post-60230","post","type-post","status-publish","format-standard","has-post-thumbnail","hentry","category-noticias","tag-blog-do-edvaldo-magalhaes","tag-brasil-ultrapassa-dois-milhoes-de-recuperados-da-covid-19","tag-caruaru-e-regiao","tag-coronavirus-2"],"_links":{"self":[{"href":"https:\/\/blogdoedvaldomagalhaes.com.br\/index.php\/wp-json\/wp\/v2\/posts\/60230","targetHints":{"allow":["GET"]}}],"collection":[{"href":"https:\/\/blogdoedvaldomagalhaes.com.br\/index.php\/wp-json\/wp\/v2\/posts"}],"about":[{"href":"https:\/\/blogdoedvaldomagalhaes.com.br\/index.php\/wp-json\/wp\/v2\/types\/post"}],"author":[{"embeddable":true,"href":"https:\/\/blogdoedvaldomagalhaes.com.br\/index.php\/wp-json\/wp\/v2\/users\/1"}],"replies":[{"embeddable":true,"href":"https:\/\/blogdoedvaldomagalhaes.com.br\/index.php\/wp-json\/wp\/v2\/comments?post=60230"}],"version-history":[{"count":7,"href":"https:\/\/blogdoedvaldomagalhaes.com.br\/index.php\/wp-json\/wp\/v2\/posts\/60230\/revisions"}],"predecessor-version":[{"id":60238,"href":"https:\/\/blogdoedvaldomagalhaes.com.br\/index.php\/wp-json\/wp\/v2\/posts\/60230\/revisions\/60238"}],"wp:featuredmedia":[{"embeddable":true,"href":"https:\/\/blogdoedvaldomagalhaes.com.br\/index.php\/wp-json\/wp\/v2\/media\/60237"}],"wp:attachment":[{"href":"https:\/\/blogdoedvaldomagalhaes.com.br\/index.php\/wp-json\/wp\/v2\/media?parent=60230"}],"wp:term":[{"taxonomy":"category","embeddable":true,"href":"https:\/\/blogdoedvaldomagalhaes.com.br\/index.php\/wp-json\/wp\/v2\/categories?post=60230"},{"taxonomy":"post_tag","embeddable":true,"href":"https:\/\/blogdoedvaldomagalhaes.com.br\/index.php\/wp-json\/wp\/v2\/tags?post=60230"}],"curies":[{"name":"wp","href":"https:\/\/api.w.org\/{rel}","templated":true}]}}