{"id":60225,"date":"2020-08-16T19:32:23","date_gmt":"2020-08-16T22:32:23","guid":{"rendered":"https:\/\/blogdoedvaldomagalhaes.com.br\/?p=60225"},"modified":"2020-08-16T19:41:01","modified_gmt":"2020-08-16T22:41:01","slug":"pernambuco-tem-798-pacientes-recuperados-de-covid-19-nas-ultimas-24-horas","status":"publish","type":"post","link":"https:\/\/blogdoedvaldomagalhaes.com.br\/index.php\/2020\/08\/16\/pernambuco-tem-798-pacientes-recuperados-de-covid-19-nas-ultimas-24-horas\/","title":{"rendered":"Pernambuco tem 798 pacientes recuperados de Covid-19 nas \u00faltimas 24 horas"},"content":{"rendered":"<p style=\"text-align: justify;\">A Secretaria Estadual de Sa\u00fade (SES-PE) registrou, neste domingo (16\/08), 1.185 novos casos da Covid-19. Entre os confirmados, 64 (5,5%) s\u00e3o casos de S\u00edndrome Respirat\u00f3ria Aguda Grave (SRAG). Todos os outros 1.121 (94,5%) s\u00e3o leves, ou seja, pacientes que n\u00e3o demandaram internamento hospitalar e que j\u00e1 estavam curados, ou na fase final da doen\u00e7a. Agora<span style=\"font-size: inherit;\">, Pernambuco totaliza 112.958 casos j\u00e1 confirmados. Al\u00e9m<\/span><span style=\"font-size: inherit;\"> disso, o boletim de hoje registra mais 798 pacientes recuperados, ao todo, 91.421 pessoas recuperadas da doen\u00e7a.<\/span><\/p>\n<p style=\"text-align: justify;\">Tamb\u00e9m foram confirmados laboratorialmente 32 \u00f3bitos. Com isso, Pernambuco totaliza 7.188 mortes pela doen\u00e7a. As mortes registradas no boletim de hoje ocorreram entre 09 de julho e 14 de agosto. Destas, quatro (12,5%) ocorreram nos \u00faltimos tr\u00eas dias, sendo tr\u00eas na \u00faltima sexta-feira (14\/08) e uma no dia 13\/08. Os outros 28 \u00f3bitos (87,5%) ocorreram entre os dias 09\/07 e 12\/08.<\/p>\n<p><strong>Teste da Covid-19 \u2013 Foto: Raul Arboleda\/AFP<\/strong><\/p>\n","protected":false},"excerpt":{"rendered":"<p>A Secretaria Estadual de Sa\u00fade (SES-PE) registrou, neste domingo (16\/08), 1.185 novos casos da Covid-19. Entre os confirmados, 64 (5,5%)&hellip;<\/p>\n","protected":false},"author":1,"featured_media":60226,"comment_status":"open","ping_status":"open","sticky":false,"template":"","format":"standard","meta":{"footnotes":""},"categories":[14120],"tags":[17948,19247],"class_list":["post-60225","post","type-post","status-publish","format-standard","has-post-thumbnail","hentry","category-noticias","tag-coronavirus-2","tag-pernambuco-tem-798-pacientes-recuperados-de-covid-19-nas-ultimas-24-horas"],"_links":{"self":[{"href":"https:\/\/blogdoedvaldomagalhaes.com.br\/index.php\/wp-json\/wp\/v2\/posts\/60225","targetHints":{"allow":["GET"]}}],"collection":[{"href":"https:\/\/blogdoedvaldomagalhaes.com.br\/index.php\/wp-json\/wp\/v2\/posts"}],"about":[{"href":"https:\/\/blogdoedvaldomagalhaes.com.br\/index.php\/wp-json\/wp\/v2\/types\/post"}],"author":[{"embeddable":true,"href":"https:\/\/blogdoedvaldomagalhaes.com.br\/index.php\/wp-json\/wp\/v2\/users\/1"}],"replies":[{"embeddable":true,"href":"https:\/\/blogdoedvaldomagalhaes.com.br\/index.php\/wp-json\/wp\/v2\/comments?post=60225"}],"version-history":[{"count":2,"href":"https:\/\/blogdoedvaldomagalhaes.com.br\/index.php\/wp-json\/wp\/v2\/posts\/60225\/revisions"}],"predecessor-version":[{"id":60228,"href":"https:\/\/blogdoedvaldomagalhaes.com.br\/index.php\/wp-json\/wp\/v2\/posts\/60225\/revisions\/60228"}],"wp:featuredmedia":[{"embeddable":true,"href":"https:\/\/blogdoedvaldomagalhaes.com.br\/index.php\/wp-json\/wp\/v2\/media\/60226"}],"wp:attachment":[{"href":"https:\/\/blogdoedvaldomagalhaes.com.br\/index.php\/wp-json\/wp\/v2\/media?parent=60225"}],"wp:term":[{"taxonomy":"category","embeddable":true,"href":"https:\/\/blogdoedvaldomagalhaes.com.br\/index.php\/wp-json\/wp\/v2\/categories?post=60225"},{"taxonomy":"post_tag","embeddable":true,"href":"https:\/\/blogdoedvaldomagalhaes.com.br\/index.php\/wp-json\/wp\/v2\/tags?post=60225"}],"curies":[{"name":"wp","href":"https:\/\/api.w.org\/{rel}","templated":true}]}}