{"id":60217,"date":"2020-08-16T17:44:07","date_gmt":"2020-08-16T20:44:07","guid":{"rendered":"https:\/\/blogdoedvaldomagalhaes.com.br\/?p=60217"},"modified":"2020-08-16T17:44:14","modified_gmt":"2020-08-16T20:44:14","slug":"dois-homens-detidos-com-40-kg-de-maconha-na-br-232-droga-seria-entregue-em-arcoverde-e-no-recife","status":"publish","type":"post","link":"https:\/\/blogdoedvaldomagalhaes.com.br\/index.php\/2020\/08\/16\/dois-homens-detidos-com-40-kg-de-maconha-na-br-232-droga-seria-entregue-em-arcoverde-e-no-recife\/","title":{"rendered":"Dois homens detidos com 40 Kg de maconha na BR 232; Droga seria entregue em Arcoverde e no Recife"},"content":{"rendered":"<p style=\"text-align: justify;\"><span style=\"font-size: inherit;\">Dois homens, de 25 e 23 anos, que transportavam 40Kg de maconha foram detidos no s\u00e1bado (15), na BR 232, em Serra Talhada, no Sert\u00e3o pernambucano. A droga foi encontrada pela Pol\u00edcia Rodovi\u00e1ria Federal (PRF) no porta-malas de um carro.<\/span><\/p>\n<p style=\"text-align: justify;\">O flagrante foi realizado durante a abordagem a um carro com placas de Arcoverde, no km 405 da BR 232. Os policiais perceberam que os ocupantes do ve\u00edculo estavam nervosos e realizaram uma verifica\u00e7\u00e3o, at\u00e9 encontrar a droga em tr\u00eas sacos no compartimento de bagagem do autom\u00f3vel.<\/p>\n<p style=\"text-align: justify;\">O motorista informou que havia pego a maconha em um povoado de S\u00e3o Jos\u00e9 do Belmonte, no Sert\u00e3o, e iria entregar uma parte em Arcoverde, no Agreste, e a outra no Recife. Ele foi encaminhado junto com o passageiro \u00e0 Delegacia de Pol\u00edcia Civil de Serra Talhada, para a continuidade dos procedimentos legais.<\/p>\n\n\n<figure class=\"wp-block-image size-large\"><img loading=\"lazy\" decoding=\"async\" width=\"1024\" height=\"768\" src=\"https:\/\/blogdoedvaldomagalhaes.com.br\/wp-content\/uploads\/2020\/08\/IMG-20200816-WA0102-1024x768.jpg\" alt=\"\" class=\"wp-image-60219\" srcset=\"https:\/\/blogdoedvaldomagalhaes.com.br\/wp-content\/uploads\/2020\/08\/IMG-20200816-WA0102-1024x768.jpg 1024w, https:\/\/blogdoedvaldomagalhaes.com.br\/wp-content\/uploads\/2020\/08\/IMG-20200816-WA0102-300x225.jpg 300w, https:\/\/blogdoedvaldomagalhaes.com.br\/wp-content\/uploads\/2020\/08\/IMG-20200816-WA0102-768x576.jpg 768w, https:\/\/blogdoedvaldomagalhaes.com.br\/wp-content\/uploads\/2020\/08\/IMG-20200816-WA0102-160x120.jpg 160w, https:\/\/blogdoedvaldomagalhaes.com.br\/wp-content\/uploads\/2020\/08\/IMG-20200816-WA0102.jpg 1152w\" sizes=\"auto, (max-width: 1024px) 100vw, 1024px\" \/><figcaption>Fotos: PRF\/Divulga\u00e7\u00e3o<\/figcaption><\/figure>\n","protected":false},"excerpt":{"rendered":"<p>Dois homens, de 25 e 23 anos, que transportavam 40Kg de maconha foram detidos no s\u00e1bado (15), na BR 232,&hellip;<\/p>\n","protected":false},"author":1,"featured_media":60218,"comment_status":"open","ping_status":"open","sticky":false,"template":"","format":"standard","meta":{"footnotes":""},"categories":[14121],"tags":[16881,19245],"class_list":["post-60217","post","type-post","status-publish","format-standard","has-post-thumbnail","hentry","category-policial","tag-caruaru-e-regiao","tag-dois-homens-detidos-com-40-kg-de-maconha-na-br-232-droga-seria-entregue-em-arcoverde-e-no-recife"],"_links":{"self":[{"href":"https:\/\/blogdoedvaldomagalhaes.com.br\/index.php\/wp-json\/wp\/v2\/posts\/60217","targetHints":{"allow":["GET"]}}],"collection":[{"href":"https:\/\/blogdoedvaldomagalhaes.com.br\/index.php\/wp-json\/wp\/v2\/posts"}],"about":[{"href":"https:\/\/blogdoedvaldomagalhaes.com.br\/index.php\/wp-json\/wp\/v2\/types\/post"}],"author":[{"embeddable":true,"href":"https:\/\/blogdoedvaldomagalhaes.com.br\/index.php\/wp-json\/wp\/v2\/users\/1"}],"replies":[{"embeddable":true,"href":"https:\/\/blogdoedvaldomagalhaes.com.br\/index.php\/wp-json\/wp\/v2\/comments?post=60217"}],"version-history":[{"count":1,"href":"https:\/\/blogdoedvaldomagalhaes.com.br\/index.php\/wp-json\/wp\/v2\/posts\/60217\/revisions"}],"predecessor-version":[{"id":60220,"href":"https:\/\/blogdoedvaldomagalhaes.com.br\/index.php\/wp-json\/wp\/v2\/posts\/60217\/revisions\/60220"}],"wp:featuredmedia":[{"embeddable":true,"href":"https:\/\/blogdoedvaldomagalhaes.com.br\/index.php\/wp-json\/wp\/v2\/media\/60218"}],"wp:attachment":[{"href":"https:\/\/blogdoedvaldomagalhaes.com.br\/index.php\/wp-json\/wp\/v2\/media?parent=60217"}],"wp:term":[{"taxonomy":"category","embeddable":true,"href":"https:\/\/blogdoedvaldomagalhaes.com.br\/index.php\/wp-json\/wp\/v2\/categories?post=60217"},{"taxonomy":"post_tag","embeddable":true,"href":"https:\/\/blogdoedvaldomagalhaes.com.br\/index.php\/wp-json\/wp\/v2\/tags?post=60217"}],"curies":[{"name":"wp","href":"https:\/\/api.w.org\/{rel}","templated":true}]}}