{"id":60213,"date":"2020-08-16T13:03:38","date_gmt":"2020-08-16T16:03:38","guid":{"rendered":"https:\/\/blogdoedvaldomagalhaes.com.br\/?p=60213"},"modified":"2020-08-16T13:03:42","modified_gmt":"2020-08-16T16:03:42","slug":"atendimento-psicologico-a-estudantes-e-pais-da-rede-municipal-de-ensino-de-caruaru-ate-dezembro","status":"publish","type":"post","link":"https:\/\/blogdoedvaldomagalhaes.com.br\/index.php\/2020\/08\/16\/atendimento-psicologico-a-estudantes-e-pais-da-rede-municipal-de-ensino-de-caruaru-ate-dezembro\/","title":{"rendered":"Atendimento psicol\u00f3gico a estudantes e pais da rede municipal de ensino de Caruaru at\u00e9 dezembro"},"content":{"rendered":"<p style=\"text-align: justify;\"><span style=\"font-size: inherit;\">A Coordenadoria Psicossocial e Educacional da Secretaria de Educa\u00e7\u00e3o (Seduc), est\u00e1 oferecendo atendimento psicol\u00f3gico para estudantes e pais das escolas e CMEIs da rede Municipal. A iniciativa acontece at\u00e9 dezembro e conta com uma parceria entre a Seduc e o curso de Psicologia do Unifavip, que disponibilizar\u00e1 estagi\u00e1rios.<\/span><\/p>\n<p style=\"text-align: justify;\">Este servi\u00e7o ser\u00e1 de forma presencial nas escolas que os alunos estudam, respeitando o distanciamento e os protocolos recomendados pela Organiza\u00e7\u00e3o Mundial da Sa\u00fade (OMS) devido \u00e0 pandemia do novo coronav\u00edrus.<\/p>\n<p style=\"text-align: justify;\">Os atendimentos contar\u00e3o com a supervis\u00e3o de psic\u00f3logos da Coordenadoria Psicossocial. A a\u00e7\u00e3o visa auxiliar psicologicamente os alunos e pais durante o per\u00edodo de isolamento social. Os interessados devem agendar as consultas na respectiva escola.<\/p>\n<p style=\"text-align: justify;\">Cr\u00e9dito: Getty Images\/iStockphoto<\/p>\n\n\n<figure class=\"wp-block-image size-large\"><img loading=\"lazy\" decoding=\"async\" width=\"1024\" height=\"1024\" src=\"https:\/\/blogdoedvaldomagalhaes.com.br\/wp-content\/uploads\/2020\/08\/IMG-20200812-WA0276-1024x1024.jpg\" alt=\"\" class=\"wp-image-60215\" srcset=\"https:\/\/blogdoedvaldomagalhaes.com.br\/wp-content\/uploads\/2020\/08\/IMG-20200812-WA0276-1024x1024.jpg 1024w, https:\/\/blogdoedvaldomagalhaes.com.br\/wp-content\/uploads\/2020\/08\/IMG-20200812-WA0276-300x300.jpg 300w, https:\/\/blogdoedvaldomagalhaes.com.br\/wp-content\/uploads\/2020\/08\/IMG-20200812-WA0276-150x150.jpg 150w, https:\/\/blogdoedvaldomagalhaes.com.br\/wp-content\/uploads\/2020\/08\/IMG-20200812-WA0276-768x768.jpg 768w, https:\/\/blogdoedvaldomagalhaes.com.br\/wp-content\/uploads\/2020\/08\/IMG-20200812-WA0276.jpg 1280w\" sizes=\"auto, (max-width: 1024px) 100vw, 1024px\" \/><\/figure>\n","protected":false},"excerpt":{"rendered":"<p>A Coordenadoria Psicossocial e Educacional da Secretaria de Educa\u00e7\u00e3o (Seduc), est\u00e1 oferecendo atendimento psicol\u00f3gico para estudantes e pais das escolas&hellip;<\/p>\n","protected":false},"author":1,"featured_media":60214,"comment_status":"open","ping_status":"open","sticky":false,"template":"","format":"standard","meta":{"footnotes":""},"categories":[14120],"tags":[19243,2,16881],"class_list":["post-60213","post","type-post","status-publish","format-standard","has-post-thumbnail","hentry","category-noticias","tag-atendimento-psicologico-a-estudantes-e-pais-da-rede-municipal-de-ensino-de-caruaru-ate-dezembro","tag-blog-do-edvaldo-magalhaes","tag-caruaru-e-regiao"],"_links":{"self":[{"href":"https:\/\/blogdoedvaldomagalhaes.com.br\/index.php\/wp-json\/wp\/v2\/posts\/60213","targetHints":{"allow":["GET"]}}],"collection":[{"href":"https:\/\/blogdoedvaldomagalhaes.com.br\/index.php\/wp-json\/wp\/v2\/posts"}],"about":[{"href":"https:\/\/blogdoedvaldomagalhaes.com.br\/index.php\/wp-json\/wp\/v2\/types\/post"}],"author":[{"embeddable":true,"href":"https:\/\/blogdoedvaldomagalhaes.com.br\/index.php\/wp-json\/wp\/v2\/users\/1"}],"replies":[{"embeddable":true,"href":"https:\/\/blogdoedvaldomagalhaes.com.br\/index.php\/wp-json\/wp\/v2\/comments?post=60213"}],"version-history":[{"count":1,"href":"https:\/\/blogdoedvaldomagalhaes.com.br\/index.php\/wp-json\/wp\/v2\/posts\/60213\/revisions"}],"predecessor-version":[{"id":60216,"href":"https:\/\/blogdoedvaldomagalhaes.com.br\/index.php\/wp-json\/wp\/v2\/posts\/60213\/revisions\/60216"}],"wp:featuredmedia":[{"embeddable":true,"href":"https:\/\/blogdoedvaldomagalhaes.com.br\/index.php\/wp-json\/wp\/v2\/media\/60214"}],"wp:attachment":[{"href":"https:\/\/blogdoedvaldomagalhaes.com.br\/index.php\/wp-json\/wp\/v2\/media?parent=60213"}],"wp:term":[{"taxonomy":"category","embeddable":true,"href":"https:\/\/blogdoedvaldomagalhaes.com.br\/index.php\/wp-json\/wp\/v2\/categories?post=60213"},{"taxonomy":"post_tag","embeddable":true,"href":"https:\/\/blogdoedvaldomagalhaes.com.br\/index.php\/wp-json\/wp\/v2\/tags?post=60213"}],"curies":[{"name":"wp","href":"https:\/\/api.w.org\/{rel}","templated":true}]}}