{"id":60210,"date":"2020-08-16T10:26:31","date_gmt":"2020-08-16T13:26:31","guid":{"rendered":"https:\/\/blogdoedvaldomagalhaes.com.br\/?p=60210"},"modified":"2020-08-16T10:26:34","modified_gmt":"2020-08-16T13:26:34","slug":"frailan-mota-se-afasta-de-secretaria-prega-uniao-e-se-diz-pronto-pra-luta","status":"publish","type":"post","link":"https:\/\/blogdoedvaldomagalhaes.com.br\/index.php\/2020\/08\/16\/frailan-mota-se-afasta-de-secretaria-prega-uniao-e-se-diz-pronto-pra-luta\/","title":{"rendered":"Frailan Mota se afasta de secretaria, prega uni\u00e3o e se diz &#8220;pronto pra luta&#8221;"},"content":{"rendered":"<p style=\"text-align: justify;\">Frailan Mota anunciou na noite dessa sexta-feira (14), que deixa as fun\u00e7\u00f5es de assessor da Secretaria de Sa\u00fade de Brejo da Madre. Nos bastidores, ele \u00e9 tido como favorito para vice na chapa com Hil\u00e1rio Paulo (PSD).<\/p>\n<p style=\"text-align: justify;\">O comunicado aconteceu durante entrega do Hospital Dr. Jos\u00e9 Carlos Santana, onde est\u00e3o presentes tamb\u00e9m aliados da gest\u00e3o, o prefeito de Santa Cruz do Capibaribe, Edson Vieira (PSDB) e a deputada estadual Alessandra Vieira (PSDB).<\/p>\n<p style=\"text-align: justify;\">De acordo com Frailan, o afastamento acontece para, \u2018juntamente com o grupo, poder lutar mais pelo povo\u2019.<\/p>\n<p style=\"text-align: justify;\">Sob aplausos dos aliados, Frailan fez um discurso de uni\u00e3o. \u201c\u00c9 preciso que a gente se una, para fazer o melhor por toda popula\u00e7\u00e3o\u201d, disse.<\/p>\n<p style=\"text-align: justify;\">No ultimo dia 5 de agosto, questionado sobre a possibilidade de vice, Frailan declarou ao Blog da Polo que \u2018as conversas s\u00e3o boas\u2019, mas acrescentou que ainda n\u00e3o havia nada definido.<\/p>\n<p style=\"text-align: justify;\">Do Esta\u00e7\u00e3o Not\u00edcias \/ Polo+<\/p>\n","protected":false},"excerpt":{"rendered":"<p>Frailan Mota anunciou na noite dessa sexta-feira (14), que deixa as fun\u00e7\u00f5es de assessor da Secretaria de Sa\u00fade de Brejo&hellip;<\/p>\n","protected":false},"author":1,"featured_media":60211,"comment_status":"open","ping_status":"open","sticky":false,"template":"","format":"standard","meta":{"footnotes":""},"categories":[14122],"tags":[2,16881,19241,19242],"class_list":["post-60210","post","type-post","status-publish","format-standard","has-post-thumbnail","hentry","category-politica","tag-blog-do-edvaldo-magalhaes","tag-caruaru-e-regiao","tag-frailan-mota-se-afasta-de-secretaria","tag-prega-uniao-e-se-diz-pronto-pra-luta"],"_links":{"self":[{"href":"https:\/\/blogdoedvaldomagalhaes.com.br\/index.php\/wp-json\/wp\/v2\/posts\/60210","targetHints":{"allow":["GET"]}}],"collection":[{"href":"https:\/\/blogdoedvaldomagalhaes.com.br\/index.php\/wp-json\/wp\/v2\/posts"}],"about":[{"href":"https:\/\/blogdoedvaldomagalhaes.com.br\/index.php\/wp-json\/wp\/v2\/types\/post"}],"author":[{"embeddable":true,"href":"https:\/\/blogdoedvaldomagalhaes.com.br\/index.php\/wp-json\/wp\/v2\/users\/1"}],"replies":[{"embeddable":true,"href":"https:\/\/blogdoedvaldomagalhaes.com.br\/index.php\/wp-json\/wp\/v2\/comments?post=60210"}],"version-history":[{"count":1,"href":"https:\/\/blogdoedvaldomagalhaes.com.br\/index.php\/wp-json\/wp\/v2\/posts\/60210\/revisions"}],"predecessor-version":[{"id":60212,"href":"https:\/\/blogdoedvaldomagalhaes.com.br\/index.php\/wp-json\/wp\/v2\/posts\/60210\/revisions\/60212"}],"wp:featuredmedia":[{"embeddable":true,"href":"https:\/\/blogdoedvaldomagalhaes.com.br\/index.php\/wp-json\/wp\/v2\/media\/60211"}],"wp:attachment":[{"href":"https:\/\/blogdoedvaldomagalhaes.com.br\/index.php\/wp-json\/wp\/v2\/media?parent=60210"}],"wp:term":[{"taxonomy":"category","embeddable":true,"href":"https:\/\/blogdoedvaldomagalhaes.com.br\/index.php\/wp-json\/wp\/v2\/categories?post=60210"},{"taxonomy":"post_tag","embeddable":true,"href":"https:\/\/blogdoedvaldomagalhaes.com.br\/index.php\/wp-json\/wp\/v2\/tags?post=60210"}],"curies":[{"name":"wp","href":"https:\/\/api.w.org\/{rel}","templated":true}]}}