{"id":60207,"date":"2020-08-16T09:24:33","date_gmt":"2020-08-16T12:24:33","guid":{"rendered":"https:\/\/blogdoedvaldomagalhaes.com.br\/?p=60207"},"modified":"2020-08-16T09:24:35","modified_gmt":"2020-08-16T12:24:35","slug":"homem-e-morto-a-tiros-e-mulher-e-baleada-em-caruaru-alem-de-tres-tentativas-de-homicidio-na-cidade","status":"publish","type":"post","link":"https:\/\/blogdoedvaldomagalhaes.com.br\/index.php\/2020\/08\/16\/homem-e-morto-a-tiros-e-mulher-e-baleada-em-caruaru-alem-de-tres-tentativas-de-homicidio-na-cidade\/","title":{"rendered":"Homem \u00e9 morto a tiros e mulher \u00e9 baleada em Caruaru; Al\u00e9m de tr\u00eas tentativas de homicidio na cidade"},"content":{"rendered":"<p style=\"text-align: justify;\">Um casal foi baleado na Vila Rafael, zona rural de Caruaru, Agreste de Pernambuco. O crime aconteceu no in\u00edcio da madrugada deste domingo (16).<\/p>\n<p style=\"text-align: justify;\">Adenilson Porf\u00edrio da Silva morreu dentro de casa e a esposa dele, Josefa Severina de Moura foi socorrida pelo Samu para o Hospital Regional do Agreste (HRA).<\/p>\n<p style=\"text-align: justify;\">Ainda n\u00e3o se sabe a motiva\u00e7\u00e3o nem autoria do crime. O corpo de Adnilson foi encaminhado para o Instituto de Medicina Legal (IML).<\/p>\n<p style=\"text-align: justify;\">Este foi o 4\u00ba homic\u00eddio do m\u00eas de agosto em Caruaru. De janeiro at\u00e9 agora, 84 pessoas foram assassinadas no munic\u00edpio.<\/p>\n<p style=\"text-align: justify;\">Na noite deste s\u00e1bado (15) aconteceram tr\u00eas tentativas de homic\u00eddio, duas no bairro Vassoural e uma no Monte Bom Jesus.<\/p>\n<p>Por Helenivaldo Pereira.<\/p>\n","protected":false},"excerpt":{"rendered":"<p>Um casal foi baleado na Vila Rafael, zona rural de Caruaru, Agreste de Pernambuco. O crime aconteceu no in\u00edcio da&hellip;<\/p>\n","protected":false},"author":1,"featured_media":60208,"comment_status":"open","ping_status":"open","sticky":false,"template":"","format":"standard","meta":{"footnotes":""},"categories":[14121],"tags":[2,19240,312,2083],"class_list":["post-60207","post","type-post","status-publish","format-standard","has-post-thumbnail","hentry","category-policial","tag-blog-do-edvaldo-magalhaes","tag-homem-e-morto-a-tiros-e-mulher-e-baleada-em-caruaru","tag-hospital-regional-do-agreste","tag-hra"],"_links":{"self":[{"href":"https:\/\/blogdoedvaldomagalhaes.com.br\/index.php\/wp-json\/wp\/v2\/posts\/60207","targetHints":{"allow":["GET"]}}],"collection":[{"href":"https:\/\/blogdoedvaldomagalhaes.com.br\/index.php\/wp-json\/wp\/v2\/posts"}],"about":[{"href":"https:\/\/blogdoedvaldomagalhaes.com.br\/index.php\/wp-json\/wp\/v2\/types\/post"}],"author":[{"embeddable":true,"href":"https:\/\/blogdoedvaldomagalhaes.com.br\/index.php\/wp-json\/wp\/v2\/users\/1"}],"replies":[{"embeddable":true,"href":"https:\/\/blogdoedvaldomagalhaes.com.br\/index.php\/wp-json\/wp\/v2\/comments?post=60207"}],"version-history":[{"count":1,"href":"https:\/\/blogdoedvaldomagalhaes.com.br\/index.php\/wp-json\/wp\/v2\/posts\/60207\/revisions"}],"predecessor-version":[{"id":60209,"href":"https:\/\/blogdoedvaldomagalhaes.com.br\/index.php\/wp-json\/wp\/v2\/posts\/60207\/revisions\/60209"}],"wp:featuredmedia":[{"embeddable":true,"href":"https:\/\/blogdoedvaldomagalhaes.com.br\/index.php\/wp-json\/wp\/v2\/media\/60208"}],"wp:attachment":[{"href":"https:\/\/blogdoedvaldomagalhaes.com.br\/index.php\/wp-json\/wp\/v2\/media?parent=60207"}],"wp:term":[{"taxonomy":"category","embeddable":true,"href":"https:\/\/blogdoedvaldomagalhaes.com.br\/index.php\/wp-json\/wp\/v2\/categories?post=60207"},{"taxonomy":"post_tag","embeddable":true,"href":"https:\/\/blogdoedvaldomagalhaes.com.br\/index.php\/wp-json\/wp\/v2\/tags?post=60207"}],"curies":[{"name":"wp","href":"https:\/\/api.w.org\/{rel}","templated":true}]}}