{"id":602,"date":"2018-11-27T17:12:00","date_gmt":"2018-11-27T19:12:00","guid":{"rendered":"http:\/\/blogdoedvaldomagalhaes.com.br\/index.php\/2018\/11\/27\/conselho-de-juventude-de-caruaru\/"},"modified":"2019-02-09T02:43:06","modified_gmt":"2019-02-09T04:43:06","slug":"conselho-de-juventude-de-caruaru","status":"publish","type":"post","link":"https:\/\/blogdoedvaldomagalhaes.com.br\/index.php\/2018\/11\/27\/conselho-de-juventude-de-caruaru\/","title":{"rendered":"Conselho de Juventude de Caruaru realiza elei\u00e7\u00e3o de membros nesta quarta (28)"},"content":{"rendered":"<div class=\"separator\" style=\"clear: both; text-align: center;\">\n<a href=\"https:\/\/3.bp.blogspot.com\/-DpZytbSgH-I\/W_16Yh0t12I\/AAAAAAAA-dI\/3la_RBajtjovlkxt9VDWwcibs2OHpBINwCLcBGAs\/s1600\/conselho.JPG\" imageanchor=\"1\" style=\"margin-left: 1em; margin-right: 1em;\"><img loading=\"lazy\" decoding=\"async\" border=\"0\" data-original-height=\"993\" data-original-width=\"1600\" height=\"392\" src=\"http:\/\/blogdoedvaldomagalhaes.com.br\/wp-content\/uploads\/2018\/11\/conselho.jpg\" width=\"640\" \/><\/a><\/div>\n<div class=\"separator\" style=\"clear: both; text-align: center;\">\nFoto: Arnaldo F\u00e9lix\/Divulga\u00e7\u00e3o<\/div>\n<div style=\"text-align: justify;\">\n<\/div>\n<div style=\"text-align: justify;\">\nNesta quarta-feira (28), o Conselho Municipal de Promo\u00e7\u00e3o \u00e0 Pol\u00edticas P\u00fablicas para Juventude (CMJ) realizar\u00e1 a elei\u00e7\u00e3o para a escolha dos membros. O processo eleitoral tem o objetivo de compor as 14 vagas do CMJ, sendo sete para conselheiros titulares e sete para conselheiros suplentes. A a\u00e7\u00e3o \u00e9 destinada \u00e0s organiza\u00e7\u00f5es juvenis da sociedade civil e as vagas ser\u00e3o preenchidas por jovens l\u00edderes que ir\u00e3o representar a diversidade juvenil caruaruense. A elei\u00e7\u00e3o ir\u00e1 acontecer na Casa das Juventudes, das 08h \u00e0s 12h.<\/div>\n<div style=\"text-align: justify;\">\n<\/div>\n<div style=\"text-align: justify;\">\n<\/div>\n<div style=\"text-align: justify;\">\n<\/div>\n<div style=\"text-align: justify;\">\nA elei\u00e7\u00e3o est\u00e1 sendo realizada de acordo com a Portaria n\u00b0 17, da Secretaria de Desenvolvimento Social e Direitos Humanos (SDSDH), que determina o cronograma do processo eleitoral. Al\u00e9m da escolha dos conselheiros, o evento contar\u00e1 com um momento de fala dos componentes da mesa de honra formada pela secret\u00e1ria da SDSDH, Perpetua Dantas, pela secret\u00e1ria executiva de Ordem P\u00fablica, Karla Vieira, pela gerente de Promo\u00e7\u00e3o aos Direitos Humanos, Michelly Pereira, e pela primeira mulher jovem que presidiu o CMJ, Yanne Karine.&nbsp;<\/div>\n","protected":false},"excerpt":{"rendered":"<p>Foto: Arnaldo F\u00e9lix\/Divulga\u00e7\u00e3o Nesta quarta-feira (28), o Conselho Municipal de Promo\u00e7\u00e3o \u00e0 Pol\u00edticas P\u00fablicas para Juventude (CMJ) realizar\u00e1 a elei\u00e7\u00e3o&hellip;<\/p>\n","protected":false},"author":1,"featured_media":0,"comment_status":"open","ping_status":"open","sticky":false,"template":"","format":"standard","meta":{"footnotes":""},"categories":[1],"tags":[2,529,6],"class_list":["post-602","post","type-post","status-publish","format-standard","hentry","category-sem-categoria","tag-blog-do-edvaldo-magalhaes","tag-conselho-de-juventude-de-caruaru-realiza-eleicao-de-membros-nesta-quarta-28","tag-noticias"],"_links":{"self":[{"href":"https:\/\/blogdoedvaldomagalhaes.com.br\/index.php\/wp-json\/wp\/v2\/posts\/602","targetHints":{"allow":["GET"]}}],"collection":[{"href":"https:\/\/blogdoedvaldomagalhaes.com.br\/index.php\/wp-json\/wp\/v2\/posts"}],"about":[{"href":"https:\/\/blogdoedvaldomagalhaes.com.br\/index.php\/wp-json\/wp\/v2\/types\/post"}],"author":[{"embeddable":true,"href":"https:\/\/blogdoedvaldomagalhaes.com.br\/index.php\/wp-json\/wp\/v2\/users\/1"}],"replies":[{"embeddable":true,"href":"https:\/\/blogdoedvaldomagalhaes.com.br\/index.php\/wp-json\/wp\/v2\/comments?post=602"}],"version-history":[{"count":1,"href":"https:\/\/blogdoedvaldomagalhaes.com.br\/index.php\/wp-json\/wp\/v2\/posts\/602\/revisions"}],"predecessor-version":[{"id":36214,"href":"https:\/\/blogdoedvaldomagalhaes.com.br\/index.php\/wp-json\/wp\/v2\/posts\/602\/revisions\/36214"}],"wp:attachment":[{"href":"https:\/\/blogdoedvaldomagalhaes.com.br\/index.php\/wp-json\/wp\/v2\/media?parent=602"}],"wp:term":[{"taxonomy":"category","embeddable":true,"href":"https:\/\/blogdoedvaldomagalhaes.com.br\/index.php\/wp-json\/wp\/v2\/categories?post=602"},{"taxonomy":"post_tag","embeddable":true,"href":"https:\/\/blogdoedvaldomagalhaes.com.br\/index.php\/wp-json\/wp\/v2\/tags?post=602"}],"curies":[{"name":"wp","href":"https:\/\/api.w.org\/{rel}","templated":true}]}}