{"id":6008,"date":"2017-05-11T15:17:00","date_gmt":"2017-05-11T18:17:00","guid":{"rendered":"http:\/\/blogdoedvaldomagalhaes.com.br\/index.php\/2017\/05\/11\/movimentos-sociais-vao-prefeitura-de\/"},"modified":"2019-02-09T01:26:16","modified_gmt":"2019-02-09T03:26:16","slug":"movimentos-sociais-vao-prefeitura-de","status":"publish","type":"post","link":"https:\/\/blogdoedvaldomagalhaes.com.br\/index.php\/2017\/05\/11\/movimentos-sociais-vao-prefeitura-de\/","title":{"rendered":"Movimentos sociais v\u00e3o a prefeitura de Caruaru pedir \u00e1rea para moradia"},"content":{"rendered":"<div class=\"separator\" style=\"clear: both; text-align: center;\">\n<a href=\"https:\/\/1.bp.blogspot.com\/-mHk_EJUYj4g\/WRSAHPUidrI\/AAAAAAAAVCU\/7FNsI1jnWy8oneJ5vm3RjhEVcJEhzCWqwCLcB\/s1600\/20170511_111329.jpg\" imageanchor=\"1\" style=\"margin-left: 1em; margin-right: 1em;\"><img loading=\"lazy\" decoding=\"async\" border=\"0\" height=\"225\" src=\"http:\/\/blogdoedvaldomagalhaes.com.br\/wp-content\/uploads\/2017\/05\/20170511_111329.jpg\" width=\"400\" \/><\/a><\/div>\n<p><\/p>\n<div class=\"separator\" style=\"clear: both; text-align: center;\">\n<a href=\"https:\/\/2.bp.blogspot.com\/-p-Lnm4QobYQ\/WRSAKDOOYfI\/AAAAAAAAVCY\/tlSOq3OJtikEgFQ8mNZdj3wAJW1zIEZfgCLcB\/s1600\/20170511_111344.jpg\" imageanchor=\"1\" style=\"margin-left: 1em; margin-right: 1em;\"><img loading=\"lazy\" decoding=\"async\" border=\"0\" height=\"225\" src=\"http:\/\/blogdoedvaldomagalhaes.com.br\/wp-content\/uploads\/2017\/05\/20170511_111344.jpg\" width=\"400\" \/><\/a><\/div>\n<p><\/p>\n<div class=\"separator\" style=\"clear: both; text-align: center;\">\n<a href=\"https:\/\/4.bp.blogspot.com\/-2ds-PpGDH7I\/WRSAN-xfzKI\/AAAAAAAAVCc\/D-hhXJJpmbM5BH4_ZHcf-pHB_S3IRmcJwCLcB\/s1600\/20170511_111333.jpg\" imageanchor=\"1\" style=\"margin-left: 1em; margin-right: 1em;\"><img loading=\"lazy\" decoding=\"async\" border=\"0\" height=\"225\" src=\"http:\/\/blogdoedvaldomagalhaes.com.br\/wp-content\/uploads\/2017\/05\/20170511_111333.jpg\" width=\"400\" \/><\/a><\/div>\n<div class=\"separator\" style=\"clear: both; text-align: center;\">\n<\/div>\n<div class=\"separator\" style=\"clear: both; text-align: justify;\">\nO Movimento Luta no Bairro Vila e favela (MLB) e o Movimento Nacional de Luta pela Moradia (MNLM), realizaram um protesto na manh\u00e3 desta quinta-feira (11), no hall do Pal\u00e1cio Municipal Jaime Nejaim. Segundo Karla Eduarda, coordenadora nacional do MNLM, mais de mil fam\u00edlias caruaruenses reivindicam uma \u00e1rea de 14 hectares que foi destinada aos movimentos sociais no Alto do Moura.&nbsp;<\/div>\n<div class=\"separator\" style=\"clear: both; text-align: justify;\">\n<\/div>\n<div class=\"separator\" style=\"clear: both; text-align: justify;\">\nFicou agendado para \u00e0s 17h da pr\u00f3xima ter\u00e7a-feira (16), um encontro entre a prefeita de Caruaru, Raquel Lyra (PSDB) e representes dos movimentos sociais, para resolver o problema.<\/div>\n<div class=\"separator\" style=\"clear: both; text-align: justify;\">\n<\/div>\n<div class=\"separator\" style=\"clear: both; text-align: center;\">\n<a href=\"http:\/\/blogdoedvaldomagalhaes.com.br\/wp-content\/uploads\/2017\/05\/4-C393tica-10.jpg\" imageanchor=\"1\" style=\"clear: left; float: left; margin-bottom: 1em; margin-right: 1em;\"><img decoding=\"async\" border=\"0\" src=\"http:\/\/blogdoedvaldomagalhaes.com.br\/wp-content\/uploads\/2017\/05\/4-C393tica-10.jpg\" \/><\/a><\/div>\n","protected":false},"excerpt":{"rendered":"<p>O Movimento Luta no Bairro Vila e favela (MLB) e o Movimento Nacional de Luta pela Moradia (MNLM), realizaram um&hellip;<\/p>\n","protected":false},"author":1,"featured_media":0,"comment_status":"open","ping_status":"open","sticky":false,"template":"","format":"standard","meta":{"footnotes":""},"categories":[1],"tags":[2,8076,8077,8078,8079,6],"class_list":["post-6008","post","type-post","status-publish","format-standard","hentry","category-sem-categoria","tag-blog-do-edvaldo-magalhaes","tag-karla-eduarda","tag-mlb","tag-mnlm","tag-movimentos-sociais-vao-a-prefeitura-de-caruaru-pedir-area-para-moradia","tag-noticias"],"_links":{"self":[{"href":"https:\/\/blogdoedvaldomagalhaes.com.br\/index.php\/wp-json\/wp\/v2\/posts\/6008","targetHints":{"allow":["GET"]}}],"collection":[{"href":"https:\/\/blogdoedvaldomagalhaes.com.br\/index.php\/wp-json\/wp\/v2\/posts"}],"about":[{"href":"https:\/\/blogdoedvaldomagalhaes.com.br\/index.php\/wp-json\/wp\/v2\/types\/post"}],"author":[{"embeddable":true,"href":"https:\/\/blogdoedvaldomagalhaes.com.br\/index.php\/wp-json\/wp\/v2\/users\/1"}],"replies":[{"embeddable":true,"href":"https:\/\/blogdoedvaldomagalhaes.com.br\/index.php\/wp-json\/wp\/v2\/comments?post=6008"}],"version-history":[{"count":1,"href":"https:\/\/blogdoedvaldomagalhaes.com.br\/index.php\/wp-json\/wp\/v2\/posts\/6008\/revisions"}],"predecessor-version":[{"id":19565,"href":"https:\/\/blogdoedvaldomagalhaes.com.br\/index.php\/wp-json\/wp\/v2\/posts\/6008\/revisions\/19565"}],"wp:attachment":[{"href":"https:\/\/blogdoedvaldomagalhaes.com.br\/index.php\/wp-json\/wp\/v2\/media?parent=6008"}],"wp:term":[{"taxonomy":"category","embeddable":true,"href":"https:\/\/blogdoedvaldomagalhaes.com.br\/index.php\/wp-json\/wp\/v2\/categories?post=6008"},{"taxonomy":"post_tag","embeddable":true,"href":"https:\/\/blogdoedvaldomagalhaes.com.br\/index.php\/wp-json\/wp\/v2\/tags?post=6008"}],"curies":[{"name":"wp","href":"https:\/\/api.w.org\/{rel}","templated":true}]}}