{"id":6006,"date":"2017-05-11T22:06:00","date_gmt":"2017-05-12T01:06:00","guid":{"rendered":"http:\/\/blogdoedvaldomagalhaes.com.br\/index.php\/2017\/05\/11\/operacao-rone-foi-prorrogada-pela-pmpe\/"},"modified":"2019-02-09T01:26:20","modified_gmt":"2019-02-09T03:26:20","slug":"operacao-rone-foi-prorrogada-pela-pmpe","status":"publish","type":"post","link":"https:\/\/blogdoedvaldomagalhaes.com.br\/index.php\/2017\/05\/11\/operacao-rone-foi-prorrogada-pela-pmpe\/","title":{"rendered":"Opera\u00e7\u00e3o RONE foi prorrogada pela PMPE"},"content":{"rendered":"<div class=\"separator\" style=\"clear: both; text-align: center;\">\n<a href=\"https:\/\/2.bp.blogspot.com\/-b7ISYt48gcw\/WRTgQZc-wgI\/AAAAAAAAVDI\/VlrfEXEx1d0smgFifnCCCTcuqBORdG9OACLcB\/s1600\/IMG-20170511-WA0186.jpg\" imageanchor=\"1\" style=\"margin-left: 1em; margin-right: 1em;\"><img loading=\"lazy\" decoding=\"async\" border=\"0\" height=\"300\" src=\"http:\/\/blogdoedvaldomagalhaes.com.br\/wp-content\/uploads\/2017\/05\/IMG-20170511-WA0186.jpg\" width=\"400\" \/><\/a><\/div>\n<p><\/p>\n<div class=\"separator\" style=\"clear: both; text-align: center;\">\n<a href=\"https:\/\/2.bp.blogspot.com\/-3yJpUQ1gFvw\/WRTgSY5PDFI\/AAAAAAAAVDM\/a05S-XpkeCw9vHtWrZ0i0tJiz0jmWnhVgCLcB\/s1600\/IMG-20170511-WA0187.jpg\" imageanchor=\"1\" style=\"margin-left: 1em; margin-right: 1em;\"><img loading=\"lazy\" decoding=\"async\" border=\"0\" height=\"300\" src=\"http:\/\/blogdoedvaldomagalhaes.com.br\/wp-content\/uploads\/2017\/05\/IMG-20170511-WA0187.jpg\" width=\"400\" \/><\/a><\/div>\n<div class=\"separator\" style=\"clear: both; text-align: center;\">\nFotos: Capit\u00e3o Edmilson Silva<\/div>\n<div class=\"separator\" style=\"clear: both; text-align: center;\">\n<\/div>\n<div class=\"separator\" style=\"clear: both; text-align: justify;\">\nA Opera\u00e7\u00e3o RONE que foi iniciada no dia 1\u00ba de maio em Caruaru e estava programada para ser encerrada no pr\u00f3ximo dia 15, foi prorrogada at\u00e9 o dia 31 deste m\u00eas. &nbsp;O comunicado a imprensa ocorreu em uma coletiva na tarde desta quinta-feira &nbsp;(11), no 4\u00ba BPM. &nbsp;Estiveram presentes o comandante de Pol\u00edcia Especializada coronel Jo\u00e3o Bosco, comandante da Dinter-1 coronel Fl\u00e1vio Morais e o comandante do 4\u00ba BPM tenente coronel Ely Jobson.&nbsp;<\/div>\n<div class=\"separator\" style=\"clear: both; text-align: justify;\">\n<\/div>\n<div class=\"separator\" style=\"clear: both; text-align: justify;\">\nSegundo os dados divulgados pela pol\u00edcia, durante os dez primeiros dias da Rone, cerca de 10 mil pessoas foram abordadas, 21 pris\u00f5es foram realizadas em flagrante, 5.184 ve\u00edculos foram abordados, sendo 4.728 motos e 456 carros de passeio, al\u00e9m de 588 bares revistados. Foram apreendidas 16 armas, 284 pedras de crack e 422 big-bigs de maconha. Em rela\u00e7\u00e3o aos homic\u00eddios, Caruaru registrou quatro casos durante os dez primeiros dias da opera\u00e7\u00e3o. Segundo a PM, em rela\u00e7\u00e3o aos dez primeiros dias dos outros meses de 2017, a diminui\u00e7\u00e3o foi de 50% em compara\u00e7\u00e3o a janeiro, 43% em fevereiro, 80% em mar\u00e7o e 63% em abril.<\/div>\n<div class=\"separator\" style=\"clear: both; text-align: justify;\">\n<\/div>\n<div class=\"separator\" style=\"clear: both; text-align: justify;\">\nO deputado estadual Tony Gel (PMDB), foi informado pelo secret\u00e1rio de Defesa Social do Estado, \u00c2ngelo Gioia, que durante o per\u00edodo junino, um planejamento estrat\u00e9gico nos mesmos moldes da RONE, ser\u00e1 implantado para garantir a seguran\u00e7a da popula\u00e7\u00e3o durante os festejos juninos.&nbsp;<\/div>\n<div class=\"separator\" style=\"clear: both; text-align: justify;\">\n<\/div>\n<div class=\"separator\" style=\"clear: both; text-align: justify;\">\nTony Gel segue mantendo contatos com a secretaria de Defesa Social, com o comando da PMPE e com o governador Paulo C\u00e2mara, para que a opera\u00e7\u00e3o permane\u00e7a at\u00e9 o in\u00edcio das atividades do Batalh\u00e3o Integrado de Pol\u00edcia Especializada, que deve entrar em opera\u00e7\u00e3o entre Outubro e Dezembro.<\/div>\n<div style=\"text-align: justify;\">\n<\/div>\n<div class=\"separator\" style=\"clear: both; text-align: center;\">\n<a href=\"http:\/\/blogdoedvaldomagalhaes.com.br\/wp-content\/uploads\/2017\/05\/Curso-9.jpg\" imageanchor=\"1\" style=\"clear: left; float: left; margin-bottom: 1em; margin-right: 1em;\"><img decoding=\"async\" border=\"0\" src=\"http:\/\/blogdoedvaldomagalhaes.com.br\/wp-content\/uploads\/2017\/05\/Curso-9.jpg\" \/><\/a><\/div>\n<div style=\"text-align: justify;\">\n<\/div>\n","protected":false},"excerpt":{"rendered":"<p>Fotos: Capit\u00e3o Edmilson Silva A Opera\u00e7\u00e3o RONE que foi iniciada no dia 1\u00ba de maio em Caruaru e estava programada&hellip;<\/p>\n","protected":false},"author":1,"featured_media":0,"comment_status":"open","ping_status":"open","sticky":false,"template":"","format":"standard","meta":{"footnotes":""},"categories":[1],"tags":[2,8071,8072,8073,13,8074,995],"class_list":["post-6006","post","type-post","status-publish","format-standard","hentry","category-sem-categoria","tag-blog-do-edvaldo-magalhaes","tag-coronel-flavio-moraes","tag-coronel-joao-bosco","tag-operacao-rone-foi-prorrogada-pela-pmpe","tag-policial","tag-tenente-coronel-ely-jobson","tag-tony-gel"],"_links":{"self":[{"href":"https:\/\/blogdoedvaldomagalhaes.com.br\/index.php\/wp-json\/wp\/v2\/posts\/6006","targetHints":{"allow":["GET"]}}],"collection":[{"href":"https:\/\/blogdoedvaldomagalhaes.com.br\/index.php\/wp-json\/wp\/v2\/posts"}],"about":[{"href":"https:\/\/blogdoedvaldomagalhaes.com.br\/index.php\/wp-json\/wp\/v2\/types\/post"}],"author":[{"embeddable":true,"href":"https:\/\/blogdoedvaldomagalhaes.com.br\/index.php\/wp-json\/wp\/v2\/users\/1"}],"replies":[{"embeddable":true,"href":"https:\/\/blogdoedvaldomagalhaes.com.br\/index.php\/wp-json\/wp\/v2\/comments?post=6006"}],"version-history":[{"count":1,"href":"https:\/\/blogdoedvaldomagalhaes.com.br\/index.php\/wp-json\/wp\/v2\/posts\/6006\/revisions"}],"predecessor-version":[{"id":19572,"href":"https:\/\/blogdoedvaldomagalhaes.com.br\/index.php\/wp-json\/wp\/v2\/posts\/6006\/revisions\/19572"}],"wp:attachment":[{"href":"https:\/\/blogdoedvaldomagalhaes.com.br\/index.php\/wp-json\/wp\/v2\/media?parent=6006"}],"wp:term":[{"taxonomy":"category","embeddable":true,"href":"https:\/\/blogdoedvaldomagalhaes.com.br\/index.php\/wp-json\/wp\/v2\/categories?post=6006"},{"taxonomy":"post_tag","embeddable":true,"href":"https:\/\/blogdoedvaldomagalhaes.com.br\/index.php\/wp-json\/wp\/v2\/tags?post=6006"}],"curies":[{"name":"wp","href":"https:\/\/api.w.org\/{rel}","templated":true}]}}