{"id":6005,"date":"2017-05-12T08:00:00","date_gmt":"2017-05-12T11:00:00","guid":{"rendered":"http:\/\/blogdoedvaldomagalhaes.com.br\/index.php\/2017\/05\/12\/sindicato-dos-trabalhadores-rurais-de-4\/"},"modified":"2019-02-09T01:26:20","modified_gmt":"2019-02-09T03:26:20","slug":"sindicato-dos-trabalhadores-rurais-de-4","status":"publish","type":"post","link":"https:\/\/blogdoedvaldomagalhaes.com.br\/index.php\/2017\/05\/12\/sindicato-dos-trabalhadores-rurais-de-4\/","title":{"rendered":"Sindicato dos Trabalhadores Rurais de Caruaru comemora 55 anos"},"content":{"rendered":"<div class=\"separator\" style=\"clear: both; text-align: center;\">\n<a href=\"https:\/\/3.bp.blogspot.com\/-LMiHgdJb9Wc\/WRUehuO5lwI\/AAAAAAAAVEM\/cMZn-fgR9OA5kJRvRTlqo7q1_hPQMCAHgCLcB\/s1600\/sind.jpg\" imageanchor=\"1\" style=\"margin-left: 1em; margin-right: 1em;\"><img loading=\"lazy\" decoding=\"async\" border=\"0\" height=\"225\" src=\"http:\/\/blogdoedvaldomagalhaes.com.br\/wp-content\/uploads\/2017\/05\/sind.jpg\" width=\"400\" \/><\/a><\/div>\n<div class=\"separator\" style=\"clear: both; text-align: center;\">\n<\/div>\n<div class=\"separator\" style=\"clear: both; text-align: justify;\">\nO Sindicato dos Trabalhadores Rurais de Caruaru, comemora 55 anos de exist\u00eancia, e a diretoria elaborou uma vasta programa\u00e7\u00e3o para celebrar a data. As festividades come\u00e7am \u00e0s 08h da manh\u00e3 deste s\u00e1bado (13), com a Celebra\u00e7\u00e3o da Santa Missa, depois haver\u00e1 uma palestra, em seguida as M\u00e3es v\u00e3o receber presentes e ser\u00e1 servido um lanche para todos os trabalhadores rurais. Todo evento ser\u00e1 realizado na sede da entidade, que fica localizada na avenida Joaquim Nabuco, no bairro Divin\u00f3polis. O presidente do sindicato, Manoel Almeida, convida todos os trabalhadores para comparecerem.<\/div>\n<p><\/p>\n<div class=\"separator\" style=\"clear: both; text-align: center;\">\n<a href=\"http:\/\/blogdoedvaldomagalhaes.com.br\/wp-content\/uploads\/2017\/05\/6-STR-10.jpg\" imageanchor=\"1\" style=\"clear: left; float: left; margin-bottom: 1em; margin-right: 1em;\"><img decoding=\"async\" border=\"0\" src=\"http:\/\/blogdoedvaldomagalhaes.com.br\/wp-content\/uploads\/2017\/05\/6-STR-10.jpg\" \/><\/a><\/div>\n<p><\/p>\n","protected":false},"excerpt":{"rendered":"<p>O Sindicato dos Trabalhadores Rurais de Caruaru, comemora 55 anos de exist\u00eancia, e a diretoria elaborou uma vasta programa\u00e7\u00e3o para&hellip;<\/p>\n","protected":false},"author":1,"featured_media":0,"comment_status":"open","ping_status":"open","sticky":false,"template":"","format":"standard","meta":{"footnotes":""},"categories":[1],"tags":[2,6,8070],"class_list":["post-6005","post","type-post","status-publish","format-standard","hentry","category-sem-categoria","tag-blog-do-edvaldo-magalhaes","tag-noticias","tag-sindicato-dos-trabalhadores-rurais-de-caruaru-comemora-55-anos"],"_links":{"self":[{"href":"https:\/\/blogdoedvaldomagalhaes.com.br\/index.php\/wp-json\/wp\/v2\/posts\/6005","targetHints":{"allow":["GET"]}}],"collection":[{"href":"https:\/\/blogdoedvaldomagalhaes.com.br\/index.php\/wp-json\/wp\/v2\/posts"}],"about":[{"href":"https:\/\/blogdoedvaldomagalhaes.com.br\/index.php\/wp-json\/wp\/v2\/types\/post"}],"author":[{"embeddable":true,"href":"https:\/\/blogdoedvaldomagalhaes.com.br\/index.php\/wp-json\/wp\/v2\/users\/1"}],"replies":[{"embeddable":true,"href":"https:\/\/blogdoedvaldomagalhaes.com.br\/index.php\/wp-json\/wp\/v2\/comments?post=6005"}],"version-history":[{"count":1,"href":"https:\/\/blogdoedvaldomagalhaes.com.br\/index.php\/wp-json\/wp\/v2\/posts\/6005\/revisions"}],"predecessor-version":[{"id":19575,"href":"https:\/\/blogdoedvaldomagalhaes.com.br\/index.php\/wp-json\/wp\/v2\/posts\/6005\/revisions\/19575"}],"wp:attachment":[{"href":"https:\/\/blogdoedvaldomagalhaes.com.br\/index.php\/wp-json\/wp\/v2\/media?parent=6005"}],"wp:term":[{"taxonomy":"category","embeddable":true,"href":"https:\/\/blogdoedvaldomagalhaes.com.br\/index.php\/wp-json\/wp\/v2\/categories?post=6005"},{"taxonomy":"post_tag","embeddable":true,"href":"https:\/\/blogdoedvaldomagalhaes.com.br\/index.php\/wp-json\/wp\/v2\/tags?post=6005"}],"curies":[{"name":"wp","href":"https:\/\/api.w.org\/{rel}","templated":true}]}}