{"id":6003,"date":"2017-05-12T10:00:00","date_gmt":"2017-05-12T13:00:00","guid":{"rendered":"http:\/\/blogdoedvaldomagalhaes.com.br\/index.php\/2017\/05\/12\/caruaru-vivencia-nesta-sexta-feira-dia\/"},"modified":"2019-02-09T01:26:20","modified_gmt":"2019-02-09T03:26:20","slug":"caruaru-vivencia-nesta-sexta-feira-dia","status":"publish","type":"post","link":"https:\/\/blogdoedvaldomagalhaes.com.br\/index.php\/2017\/05\/12\/caruaru-vivencia-nesta-sexta-feira-dia\/","title":{"rendered":"Caruaru vivencia nesta sexta-feira Dia \u201cD\u201d da Campanha Maio Amarelo"},"content":{"rendered":"<div class=\"separator\" style=\"clear: both; text-align: center;\">\n<a href=\"https:\/\/3.bp.blogspot.com\/-Zl8KUAroa9k\/WRUgNipca0I\/AAAAAAAAVEc\/XDFRUQh_oNUSW083mY9F7RTe82-9lmf1ACLcB\/s1600\/majio.jpg\" imageanchor=\"1\" style=\"margin-left: 1em; margin-right: 1em;\"><img loading=\"lazy\" decoding=\"async\" border=\"0\" height=\"298\" src=\"http:\/\/blogdoedvaldomagalhaes.com.br\/wp-content\/uploads\/2017\/05\/majio.jpg\" width=\"400\" \/><\/a><\/div>\n<div style=\"background: white; margin-bottom: 7.5pt; margin-left: 0cm; margin-right: 0cm; margin-top: 0cm; mso-line-height-alt: 18.0pt; text-align: justify;\">\n<\/div>\n<div style=\"background: white; margin-bottom: 7.5pt; margin-left: 0cm; margin-right: 0cm; margin-top: 0cm; mso-line-height-alt: 18.0pt; text-align: justify;\">\nTodo m\u00eas<br \/>\nde maio, institui\u00e7\u00f5es p\u00fablicas, entidades de classe, empresas e sociedade civil<br \/>\norganizada se mobilizam para conscientizar a popula\u00e7\u00e3o global sobre os altos<br \/>\n\u00edndices de mortos e feridos no tr\u00e2nsito. Em Caruaru, o Movimento Maio Amarelo<br \/>\nter\u00e1 seu Dia \u201c<strong style=\"box-sizing: border-box;\">D\u201d<\/strong>&nbsp;nesta sexta-feira (12), com uma<br \/>\na\u00e7\u00e3o educativa&nbsp;do N\u00facleo de Educa\u00e7\u00e3o da Opera\u00e7\u00e3o Lei Seca (OLS), no Marco<br \/>\nZero, das 9h \u00e0s 13h, com abordagem de pedestres e condutores.<\/div>\n<div style=\"background: white; box-sizing: border-box; margin: 0cm 0cm 7.5pt; text-align: justify;\">\nAs pessoas ser\u00e3o orientadas sobre a Lei Seca e preven\u00e7\u00e3o de<br \/>\nacidentes e receber\u00e3o material educativo sobre o tema. Arte Educadores e alunos<br \/>\ndo Grau T\u00e9cnico tamb\u00e9m participar\u00e3o da iniciativa que contar\u00e1 ainda com<br \/>\nexposi\u00e7\u00e3o de carros das concession\u00e1rias que apoiam a campanha e com o Cine<br \/>\nRodovi\u00e1rio da Pol\u00edcia Rodovi\u00e1ria Federal (PRF). Atrav\u00e9s da a\u00e7\u00e3o, a popula\u00e7\u00e3o<br \/>\ntamb\u00e9m ir\u00e1 conhecer como funciona o etil\u00f4metro, aparelho que mede a<br \/>\nconcentra\u00e7\u00e3o de \u00e1lcool et\u00edlico na corrente sangu\u00ednea.<\/div>\n<div style=\"background-color: white; box-sizing: border-box; line-height: 24px; margin-bottom: 10px; text-align: justify;\">\n<\/div>\n<div style=\"background: white; box-sizing: border-box; margin: 0cm 0cm 7.5pt; text-align: justify;\">\nO&nbsp;Maio&nbsp;Amarelo&nbsp;\u00e9 uma realiza\u00e7\u00e3o&nbsp;da Associa\u00e7\u00e3o<br \/>\nComercial e Empresarial de Caruaru (Acic), atrav\u00e9s da C\u00e2mara das<br \/>\nConcession\u00e1rias de Ve\u00edculos, do Comit\u00ea Regional de Preven\u00e7\u00e3o de Acidentes de<br \/>\nMoto, Destra e do Sest\/Senat.<\/div>\n<div class=\"separator\" style=\"clear: both; text-align: center;\">\n<a href=\"http:\/\/blogdoedvaldomagalhaes.com.br\/wp-content\/uploads\/2017\/05\/9-Liberdade-9.jpg\" imageanchor=\"1\" style=\"clear: left; float: left; margin-bottom: 1em; margin-right: 1em;\"><img decoding=\"async\" border=\"0\" src=\"http:\/\/blogdoedvaldomagalhaes.com.br\/wp-content\/uploads\/2017\/05\/9-Liberdade-9.jpg\" \/><\/a><\/div>\n<div style=\"background: white; box-sizing: border-box; margin: 0cm 0cm 7.5pt; text-align: justify;\">\n<\/div>\n","protected":false},"excerpt":{"rendered":"<p>Todo m\u00eas de maio, institui\u00e7\u00f5es p\u00fablicas, entidades de classe, empresas e sociedade civil organizada se mobilizam para conscientizar a popula\u00e7\u00e3o&hellip;<\/p>\n","protected":false},"author":1,"featured_media":0,"comment_status":"open","ping_status":"open","sticky":false,"template":"","format":"standard","meta":{"footnotes":""},"categories":[1],"tags":[2,8068,6],"class_list":["post-6003","post","type-post","status-publish","format-standard","hentry","category-sem-categoria","tag-blog-do-edvaldo-magalhaes","tag-caruaru-vivencia-nesta-sexta-feira-dia-d-da-campanha-maio-amarelo","tag-noticias"],"_links":{"self":[{"href":"https:\/\/blogdoedvaldomagalhaes.com.br\/index.php\/wp-json\/wp\/v2\/posts\/6003","targetHints":{"allow":["GET"]}}],"collection":[{"href":"https:\/\/blogdoedvaldomagalhaes.com.br\/index.php\/wp-json\/wp\/v2\/posts"}],"about":[{"href":"https:\/\/blogdoedvaldomagalhaes.com.br\/index.php\/wp-json\/wp\/v2\/types\/post"}],"author":[{"embeddable":true,"href":"https:\/\/blogdoedvaldomagalhaes.com.br\/index.php\/wp-json\/wp\/v2\/users\/1"}],"replies":[{"embeddable":true,"href":"https:\/\/blogdoedvaldomagalhaes.com.br\/index.php\/wp-json\/wp\/v2\/comments?post=6003"}],"version-history":[{"count":1,"href":"https:\/\/blogdoedvaldomagalhaes.com.br\/index.php\/wp-json\/wp\/v2\/posts\/6003\/revisions"}],"predecessor-version":[{"id":19581,"href":"https:\/\/blogdoedvaldomagalhaes.com.br\/index.php\/wp-json\/wp\/v2\/posts\/6003\/revisions\/19581"}],"wp:attachment":[{"href":"https:\/\/blogdoedvaldomagalhaes.com.br\/index.php\/wp-json\/wp\/v2\/media?parent=6003"}],"wp:term":[{"taxonomy":"category","embeddable":true,"href":"https:\/\/blogdoedvaldomagalhaes.com.br\/index.php\/wp-json\/wp\/v2\/categories?post=6003"},{"taxonomy":"post_tag","embeddable":true,"href":"https:\/\/blogdoedvaldomagalhaes.com.br\/index.php\/wp-json\/wp\/v2\/tags?post=6003"}],"curies":[{"name":"wp","href":"https:\/\/api.w.org\/{rel}","templated":true}]}}