{"id":6002,"date":"2017-05-12T10:30:00","date_gmt":"2017-05-12T13:30:00","guid":{"rendered":"http:\/\/blogdoedvaldomagalhaes.com.br\/index.php\/2017\/05\/12\/confiras-as-recentes-nomeacoes-e\/"},"modified":"2019-02-09T01:26:21","modified_gmt":"2019-02-09T03:26:21","slug":"confiras-as-recentes-nomeacoes-e","status":"publish","type":"post","link":"https:\/\/blogdoedvaldomagalhaes.com.br\/index.php\/2017\/05\/12\/confiras-as-recentes-nomeacoes-e\/","title":{"rendered":"Confiras as recentes nomea\u00e7\u00f5es e exonera\u00e7\u00f5es da Prefeitura de Caruaru"},"content":{"rendered":"<div class=\"separator\" style=\"clear: both; text-align: center;\">\n<a href=\"https:\/\/3.bp.blogspot.com\/-76S0_zegzTg\/WRUzb-QBg3I\/AAAAAAAAVE0\/7E4YpEdTOHI_EYfZFJggQ19KJe5gteyHgCLcB\/s1600\/prefeitura.jpg\" imageanchor=\"1\" style=\"margin-left: 1em; margin-right: 1em;\"><img loading=\"lazy\" decoding=\"async\" border=\"0\" height=\"192\" src=\"http:\/\/blogdoedvaldomagalhaes.com.br\/wp-content\/uploads\/2017\/05\/prefeitura.jpg\" width=\"400\" \/><\/a><\/div>\n<div class=\"MsoNormal\" style=\"line-height: normal; margin-bottom: .0001pt; margin-bottom: 0cm; mso-layout-grid-align: none; text-align: justify; text-autospace: none;\">\n<b><br \/><\/b><\/div>\n<div class=\"MsoNormal\" style=\"line-height: normal; margin-bottom: .0001pt; margin-bottom: 0cm; mso-layout-grid-align: none; text-align: justify; text-autospace: none;\">\n<b>Nomea\u00e7\u00f5es:<br \/>\n<\/b><\/div>\n<div class=\"MsoNormal\" style=\"line-height: normal; margin-bottom: .0001pt; margin-bottom: 0cm; mso-layout-grid-align: none; text-align: justify; text-autospace: none;\">\nMATHEUS ROGER DO<br \/>\nNASCIMENTO PRESTES, para o cargo de Assistente 2 da Secretaria de Administra\u00e7\u00e3o<\/div>\n<div class=\"MsoNormal\" style=\"line-height: normal; margin-bottom: .0001pt; margin-bottom: 0cm; mso-layout-grid-align: none; text-align: justify; text-autospace: none;\">\nMARIA DO SOCORRO<br \/>\nBRAGA DE ANDRADE, para o cargo de Ger\u00eancia Geral da Secretaria de<br \/>\nAdministra\u00e7\u00e3o, com efeitos retroativos a 17.04.2017.<\/div>\n<div class=\"MsoNormal\" style=\"line-height: normal; margin-bottom: .0001pt; margin-bottom: 0cm; mso-layout-grid-align: none; text-align: justify; text-autospace: none;\">\nMICHELLY FERNANDA<br \/>\nPEREIRA DA SILVA, para o cargo de Ger\u00eancia 1 da Secretaria de Desenvolvimento<br \/>\nSocial e Direitos Humanos, com efeitos retroativos a 01.03.2017.<\/div>\n<div class=\"MsoNormal\" style=\"line-height: normal; margin-bottom: .0001pt; margin-bottom: 0cm; mso-layout-grid-align: none; text-align: justify; text-autospace: none;\">\nJEANNE BEZERRA DA<br \/>\nSILVA, para o cargo de Gerente Geral da Secretaria de Educa\u00e7\u00e3o, com efeitos<br \/>\nretroativos a 01.03.2017.<\/div>\n<div class=\"MsoNormal\" style=\"line-height: normal; margin-bottom: .0001pt; margin-bottom: 0cm; mso-layout-grid-align: none; text-align: justify; text-autospace: none;\">\nProrroga\u00e7\u00e3o da cess\u00e3o<br \/>\ndo servidor efetivo JURANDIR JOS\u00c9 DE MELO, Professor 1 &#8211; N\u00edvel 1 &#8211; Classe B, lotado<br \/>\nna Secretaria de Educa\u00e7\u00e3o, a fim de que permane\u00e7a desempenhando suas atividades<br \/>\nno Tribunal de Justi\u00e7a do Estado de Pernambuco, no decorrer do exerc\u00edcio de<br \/>\n2017, com \u00f4nus para o \u00f3rg\u00e3o de origem.<\/div>\n<div class=\"MsoNormal\" style=\"line-height: normal; margin-bottom: .0001pt; margin-bottom: 0cm; mso-layout-grid-align: none; text-align: justify; text-autospace: none;\">\nConcede a prorroga\u00e7\u00e3o<br \/>\nda cess\u00e3o da servidora est\u00e1vel constitucional MARIA JOSENY DE QUEIROZ SOBRAL,<br \/>\nAuxiliar de Servi\u00e7os Administrativos, lotada na Secretaria de Administra\u00e7\u00e3o, a fim<br \/>\nde que permane\u00e7a desempenhando suas atividades no Tribunal de Justi\u00e7a do Estado<br \/>\nde Pernambuco, no decorrer do exerc\u00edcio de 2017, com \u00f4nus para o \u00f3rg\u00e3o de<br \/>\norigem.<\/div>\n<div class=\"MsoNormal\" style=\"line-height: normal; margin-bottom: .0001pt; margin-bottom: 0cm; mso-layout-grid-align: none; text-align: justify; text-autospace: none;\">\nConcede a prorroga\u00e7\u00e3o<br \/>\nda cess\u00e3o do servidor est\u00e1vel constitucional LOURINALDO OTAVIANO DA SILVA,<br \/>\nMotorista I, lotado na Secretaria de Administra\u00e7\u00e3o, a fim de que permane\u00e7a<\/div>\n<div class=\"MsoNormal\" style=\"line-height: normal; margin-bottom: .0001pt; margin-bottom: 0cm; mso-layout-grid-align: none; text-align: justify; text-autospace: none;\">\ndesempenhando suas<br \/>\natividades no Tribunal de Justi\u00e7a do Estado de Pernambuco, no decorrer do<br \/>\nexerc\u00edcio de 2017, com \u00f4nus para o \u00f3rg\u00e3o de origem.<\/div>\n<div class=\"MsoNormal\" style=\"line-height: normal; margin-bottom: .0001pt; margin-bottom: 0cm; mso-layout-grid-align: none; text-align: justify; text-autospace: none;\">\nJOSELITO GOMES DA<br \/>\nSILVA, para o cargo de Assessoria T\u00e9cnica da Secretaria de Educa\u00e7\u00e3o, com<br \/>\nefeitos retroativos a 01.03.2017.<\/div>\n<div class=\"MsoNormal\" style=\"line-height: normal; margin-bottom: .0001pt; margin-bottom: 0cm; mso-layout-grid-align: none; text-align: justify; text-autospace: none;\">\nJULIANE RAQUEL<br \/>\nMIRANDA DE SANTANA, para o cargo de Ger\u00eancia 1 da Secretaria de Sa\u00fade, com<br \/>\nefeitos retroativos a 01.03.2017.<\/div>\n<div class=\"MsoNormal\" style=\"line-height: normal; margin-bottom: .0001pt; margin-bottom: 0cm; mso-layout-grid-align: none; text-align: justify; text-autospace: none;\">\nJANE F\u00c1BIA GALV\u00c3O DE<br \/>\nOLIVEIRA SOBRAL, para o cargo de Coordena\u00e7\u00e3o 2 da Secretaria de Servi\u00e7os<br \/>\nP\u00fablicos, com efeitos retroativos a 01.03.2017.<\/div>\n<div class=\"MsoNormal\" style=\"line-height: normal; margin-bottom: .0001pt; margin-bottom: 0cm; mso-layout-grid-align: none; text-align: justify; text-autospace: none;\">\nFELIPE SILVA DE<br \/>\nANDRADE, para o cargo em comiss\u00e3o de Coordena\u00e7\u00e3o 2 da Secretaria de Servi\u00e7os<br \/>\nP\u00fablicos, com efeitos retroativos a 01.03.2017.<\/div>\n<div class=\"MsoNormal\" style=\"line-height: normal; margin-bottom: .0001pt; margin-bottom: 0cm; mso-layout-grid-align: none; text-align: justify; text-autospace: none;\">\nAMANDA LA\u00cdS SILVA, para<br \/>\no cargo de Coordena\u00e7\u00e3o 1 da Secretaria de Servi\u00e7os P\u00fablicos, com efeitos<br \/>\nretroativos a 01.03.2017.<\/div>\n<div class=\"MsoNormal\" style=\"line-height: normal; margin-bottom: .0001pt; margin-bottom: 0cm; mso-layout-grid-align: none; text-align: justify; text-autospace: none;\">\nMARIA ANG\u00c9LICA<br \/>\nGUIMAR\u00c3ES, para o cargo de Coordena\u00e7\u00e3o 1 da Secretaria de Servi\u00e7os P\u00fablicos,<br \/>\ncom efeitos retroativos a 01.03.2017.<\/div>\n<div class=\"MsoNormal\" style=\"line-height: normal; margin-bottom: .0001pt; margin-bottom: 0cm; mso-layout-grid-align: none; text-align: justify; text-autospace: none;\">\nGILTON GOMES<br \/>\nFIGUEIREDO, para o cargo de Coordena\u00e7\u00e3o 1 da Secretaria de Servi\u00e7os P\u00fablicos,<br \/>\ncom efeitos retroativos a 01.03.2017.<\/div>\n<div class=\"MsoNormal\" style=\"line-height: normal; margin-bottom: .0001pt; margin-bottom: 0cm; mso-layout-grid-align: none; text-align: justify; text-autospace: none;\">\nRICARDO ROG\u00c9RIO<br \/>\nCORREIA MELO, para o cargo de Coordena\u00e7\u00e3o 2 da Secretaria de Servi\u00e7os P\u00fablicos,<br \/>\ncom efeitos retroativos a 01.03.2017.<\/div>\n<div class=\"MsoNormal\" style=\"line-height: normal; margin-bottom: .0001pt; margin-bottom: 0cm; mso-layout-grid-align: none; text-align: justify; text-autospace: none;\">\nJOS\u00c9 WEDSON AZEVEDO, para<br \/>\no cargo de Coordena\u00e7\u00e3o 2 da Secretaria de Servi\u00e7os P\u00fablicos, com efeitos<br \/>\nretroativos a 01.03.2017.<\/div>\n<div class=\"MsoNormal\" style=\"line-height: normal; margin-bottom: .0001pt; margin-bottom: 0cm; mso-layout-grid-align: none; text-align: justify; text-autospace: none;\">\n\u00c1GUEDA PATR\u00cdCIA LEAL<br \/>\nMINEI, para o cargo em comiss\u00e3o de Chefia de Gabinete 2 da Secretaria de<br \/>\nServi\u00e7os P\u00fablicos, com efeitos retroativos a 01.03.2017.<\/div>\n<div class=\"MsoNormal\" style=\"line-height: normal; margin-bottom: .0001pt; margin-bottom: 0cm; mso-layout-grid-align: none; text-align: justify; text-autospace: none;\">\nTIAGO PEREIRA DA<br \/>\nSILVA MISSENA, para o cargo de Assistente 2 da Secretaria da Fazenda, com<br \/>\nefeitos retroativos a 01.03.2017.<\/div>\n<div class=\"MsoNormal\" style=\"line-height: normal; margin-bottom: .0001pt; margin-bottom: 0cm; mso-layout-grid-align: none; text-align: justify; text-autospace: none;\">\nANNE KATARINE SILVA<br \/>\nDE ARA\u00daJO, para o cargo de Assistente 1 da Secretaria da Fazenda, com efeitos<br \/>\nretroativos a 08.03.2017.<\/div>\n<div class=\"MsoNormal\" style=\"line-height: normal; margin-bottom: .0001pt; margin-bottom: 0cm; mso-layout-grid-align: none; text-align: justify; text-autospace: none;\">\nGIDEONE HENRIQUE<br \/>\nCALDAS LINS, para o cargo de Assistente 2 da Secretaria da Fazenda, com efeitos<br \/>\nretroativos a 01.03.2017.<\/div>\n<div class=\"MsoNormal\" style=\"line-height: normal; margin-bottom: .0001pt; margin-bottom: 0cm; mso-layout-grid-align: none; text-align: justify; text-autospace: none;\">\nMYKE DOUGLAS DA SILVA<br \/>\nLIMA, para o cargo de Assistente 2 da Secretaria da Fazenda, com efeitos<br \/>\nretroativos a 01.03.2017.<\/div>\n<div class=\"MsoNormal\" style=\"line-height: normal; margin-bottom: .0001pt; margin-bottom: 0cm; mso-layout-grid-align: none; text-align: justify; text-autospace: none;\">\nPEDRO HENRIQUE AGUIAR<br \/>\nSILVA, para o cargo de Assistente 2 da Secretaria da Fazenda, com efeitos<br \/>\nretroativos a 01.03.2017.<\/div>\n<div class=\"MsoNormal\" style=\"line-height: normal; margin-bottom: .0001pt; margin-bottom: 0cm; mso-layout-grid-align: none; text-align: justify; text-autospace: none;\">\nANNA LET\u00cdCIA DE LIMA,<br \/>\npara o cargo de Assistente 1 da Secretaria da Fazenda, com efeitos retroativos<br \/>\na 01.03.2017.<\/div>\n<div class=\"MsoNormal\" style=\"line-height: normal; margin-bottom: .0001pt; margin-bottom: 0cm; mso-layout-grid-align: none; text-align: justify; text-autospace: none;\">\nSANNY DINIZ BARBOSA, para<br \/>\no cargo de Assessoria T\u00e9cnica da Secretaria da Fazenda, com efeitos retroativos<br \/>\na 01.03.2017.<\/div>\n<div class=\"MsoNormal\" style=\"line-height: normal; margin-bottom: .0001pt; margin-bottom: 0cm; mso-layout-grid-align: none; text-align: justify; text-autospace: none;\">\nADRIANA COSTA PESSOA,<br \/>\npara o cargo de Ger\u00eancia Geral da Secretaria da Fazenda, com efeitos<br \/>\nretroativos a 01.03.2017.<\/div>\n<div class=\"MsoNormal\" style=\"line-height: normal; margin-bottom: .0001pt; margin-bottom: 0cm; mso-layout-grid-align: none; text-align: justify; text-autospace: none;\">\nREGISCLEYDSON JOS\u00c9 DA<br \/>\nSILVA, para o cargo de Assistente 2 da Secretaria da Fazenda, com efeitos<br \/>\nretroativos a 01.03.2017.<\/div>\n<div class=\"MsoNormal\" style=\"line-height: normal; margin-bottom: .0001pt; margin-bottom: 0cm; mso-layout-grid-align: none; text-align: justify; text-autospace: none;\">\nRANYERE GABRYEL<br \/>\nFERREIRA DA SILVA, para o cargo de Assistente 2 da Secretaria da Fazenda, com<br \/>\nefeitos retroativos a 01.03.2017.<\/div>\n<div class=\"MsoNormal\" style=\"line-height: normal; margin-bottom: .0001pt; margin-bottom: 0cm; mso-layout-grid-align: none; text-align: justify; text-autospace: none;\">\nVALDENIO LOPES DE<br \/>\nMELO, para o cargo de Assistente 1 da Secretaria da Fazenda, com efeitos<br \/>\nretroativos a 01.03.2017.<\/div>\n<div class=\"MsoNormal\" style=\"line-height: normal; margin-bottom: .0001pt; margin-bottom: 0cm; mso-layout-grid-align: none; text-align: justify; text-autospace: none;\">\nJANAINA FERNANDES<br \/>\nOLIVEIRA DE CARVALHO, para o cargo em comiss\u00e3o de Assistente 2 do Gabinete do<br \/>\nPrefeito, com efeitos retroativos a 01.03.2017.<\/div>\n<div class=\"MsoNormal\" style=\"line-height: normal; margin-bottom: .0001pt; margin-bottom: 0cm; mso-layout-grid-align: none; text-align: justify; text-autospace: none;\">\nExonerado a pedido,<br \/>\nEDUARDO HENRIQUE SANTOS, do cargo efetivo de Dentista, da Secretaria de Sa\u00fade <b><\/b><\/div>\n<div class=\"MsoNormal\" style=\"line-height: normal; margin-bottom: .0001pt; margin-bottom: 0cm; mso-layout-grid-align: none; text-align: justify; text-autospace: none;\">\nExonerada a pedido,<br \/>\nMARIA DA CONCEI\u00c7\u00c3O CAVALCANTI DA SILVA, &nbsp;do cargo efetivo de Professora 2, da<br \/>\nSecretaria de Educa\u00e7\u00e3o, Esportes, Juventude, Ci\u00eancia e Tecnologia, com efeitos<br \/>\nretroativos a 20.03.2017.<\/div>\n<div class=\"MsoNormal\" style=\"line-height: normal; margin-bottom: .0001pt; margin-bottom: 0cm; mso-layout-grid-align: none; text-align: justify; text-autospace: none;\">\nExonerado a pedido,<br \/>\nLEANDRO LIMA SILVA, do cargo efetivo de Porteiro, da Secretaria de Sa\u00fade<\/div>\n<div class=\"MsoNormal\" style=\"line-height: normal; margin-bottom: .0001pt; margin-bottom: 0cm; mso-layout-grid-align: none; text-align: justify; text-autospace: none;\">\nExonerada a pedido,<br \/>\nCLAUDIANA BARBOSA DO NASCIMENTO, do cargo efetivo de T\u00e9cnico de Enfermagem, da<br \/>\nSecretaria de Sa\u00fade, com efeitos retroativos a 01.04.2017.<\/div>\n<div class=\"MsoNormal\" style=\"line-height: normal; margin-bottom: .0001pt; margin-bottom: 0cm; mso-layout-grid-align: none; text-align: justify; text-autospace: none;\">\nExonerada a pedido,<br \/>\nNAT\u00c1LIA AR\u00caA LIMA BRAND\u00c3O, do cargo efetivo de Enfermeira, da Secretaria de<br \/>\nSa\u00fade <\/div>\n<div class=\"MsoNormal\" style=\"line-height: normal; margin-bottom: .0001pt; margin-bottom: 0cm; mso-layout-grid-align: none; text-align: justify; text-autospace: none;\">\nNomeada AMANDA DE<br \/>\nMORAIS CARDOSO, para o cargo de Ger\u00eancia Geral da Secretaria de Administra\u00e7\u00e3o Exonerada<br \/>\nEDILENE CASTRO CHAVES, do cargo de Diretor de Departamento da Secretaria de<br \/>\nSa\u00fade, com efeitos retroativos a 31.03.2017.<\/div>\n<div class=\"MsoNormal\" style=\"line-height: normal; margin-bottom: .0001pt; margin-bottom: 0cm; mso-layout-grid-align: none; text-align: justify; text-autospace: none;\">\nExonerada MARIA<br \/>\nTATIANA DA SILVA PEREIRA, do cargo de Diretor de Departamento Administrativo e Financeiro<br \/>\nda Secretaria da Inf\u00e2ncia e Juventude, com efeitos retroativos a 01.04.2017.<\/div>\n<div class=\"MsoNormal\" style=\"line-height: normal; margin-bottom: .0001pt; margin-bottom: 0cm; mso-layout-grid-align: none; text-align: justify; text-autospace: none;\">\nExonerada SALACIELY<br \/>\nANJOS FLOR\u00caNCIO DE MOURA, do cargo de Diretor de Departamento de Habita\u00e7\u00e3o da<br \/>\nSecretaria da Crian\u00e7a, do Adolescente e de Pol\u00edticas Sociais, com efeitos<br \/>\nretroativos a 01.04.2017.<\/div>\n<div class=\"MsoNormal\" style=\"line-height: normal; margin-bottom: .0001pt; margin-bottom: 0cm; mso-layout-grid-align: none; text-align: justify; text-autospace: none;\">\nExonerada ANATILDE<br \/>\nTORRES VERAS ARAG\u00c3O, do cargo de Diretor de Departamento de Desporto<br \/>\nComunit\u00e1rio da Secretaria da Inf\u00e2ncia e<\/div>\n<div class=\"MsoNormal\" style=\"line-height: normal; margin-bottom: .0001pt; margin-bottom: 0cm; mso-layout-grid-align: none; text-align: justify; text-autospace: none;\">\nJuventude, com<br \/>\nefeitos retroativos a 01.04.2017.<\/div>\n<div class=\"MsoNormal\" style=\"line-height: normal; margin-bottom: .0001pt; margin-bottom: 0cm; mso-layout-grid-align: none; text-align: justify; text-autospace: none;\">\nExonerada ADRIANA<br \/>\nCARMEM QUEIROZ COSTA MELO, do cargo em comiss\u00e3o de Secret\u00e1rio Executivo da<br \/>\nSecretaria de Assist\u00eancia Social, com efeitos retroativos a 01.04.2017.<\/div>\n<div class=\"MsoNormal\" style=\"line-height: normal; margin-bottom: .0001pt; margin-bottom: 0cm; mso-layout-grid-align: none; text-align: justify; text-autospace: none;\">\nExonerado MARCELO<br \/>\nNESTOR OLIVEIRA, do cargo de Assessor III da Assessoria de Apoio Administrativo<br \/>\ndo Gabinete do Vice Prefeito, com efeitos retroativos a 06.04.2017.<\/div>\n<div class=\"MsoNormal\" style=\"line-height: normal; margin-bottom: .0001pt; margin-bottom: 0cm; mso-layout-grid-align: none; text-align: justify; text-autospace: none;\">\nNomeada J\u00c9SSICA<br \/>\nLARISSA SILVA, para o cargo de Gerente 1 da Secretaria<\/div>\n<div class=\"MsoNormal\" style=\"line-height: normal; margin-bottom: .0001pt; margin-bottom: 0cm; mso-layout-grid-align: none; text-align: justify; text-autospace: none;\">\nde Servi\u00e7os P\u00fablicos,<br \/>\ncom efeitos retroativos a 12.04.2017.<\/div>\n<div class=\"MsoNormal\" style=\"line-height: normal; margin-bottom: .0001pt; margin-bottom: 0cm; mso-layout-grid-align: none; text-align: justify; text-autospace: none;\">\nNomeada CRISTIANA<br \/>\nAZEVEDO ZARZAR, para o cargo de Assessoria T\u00e9cnica da Secretaria de Sa\u00fade, com<br \/>\nefeitos retroativos a 01.04.2017.<\/div>\n<div class=\"MsoNormal\" style=\"line-height: normal; margin-bottom: .0001pt; margin-bottom: 0cm; mso-layout-grid-align: none; text-align: justify; text-autospace: none;\">\nNomeada GEORGIA<br \/>\nKAROLINE CAVALCANTE GALV\u00c3O, para o cargo de Coordena\u00e7\u00e3o 1 da Secretaria de<br \/>\nSa\u00fade, com efeitos retroativos a 01.04.2017.<\/div>\n<div class=\"MsoNormal\" style=\"line-height: normal; margin-bottom: .0001pt; margin-bottom: 0cm; mso-layout-grid-align: none; text-align: justify; text-autospace: none;\">\nNomeado SEVERINO DOS<br \/>\nRAMOS XAVIER, para o cargo de Coordenador II da Secretaria de Sustentabilidade<br \/>\ne Desenvolvimento Rural, com efeitos<\/div>\n<div class=\"MsoNormal\" style=\"line-height: normal; margin-bottom: .0001pt; margin-bottom: 0cm; mso-layout-grid-align: none; text-align: justify; text-autospace: none;\">\nretroativos a<br \/>\n01.04.2017.<\/div>\n<div class=\"MsoNormal\" style=\"line-height: normal; margin-bottom: .0001pt; margin-bottom: 0cm; mso-layout-grid-align: none; text-align: justify; text-autospace: none;\">\nNomeado IVAN MOREIRA<br \/>\nDOS SANTOS, para o cargo de Coordena\u00e7\u00e3o 1 da Secretaria de Desenvolvimento<br \/>\nSocial e Direitos Humanos, com efeitos retroativos a 01.04.2017.<\/div>\n<div class=\"MsoNormal\" style=\"line-height: normal; margin-bottom: .0001pt; margin-bottom: 0cm; mso-layout-grid-align: none; text-align: justify; text-autospace: none;\">\nNomeada LYLIAN FREIRE<br \/>\nDE FREITAS, para o cargo de Coordena\u00e7\u00e3o 1 da Secretaria de Desenvolvimento<br \/>\nSocial e Direitos Humanos, com efeitos retroativos a 01.04.2017.<\/div>\n<div class=\"MsoNormal\" style=\"line-height: normal; margin-bottom: .0001pt; margin-bottom: 0cm; mso-layout-grid-align: none; text-align: justify; text-autospace: none;\">\nNomeado CHRISTIANNY<br \/>\nKELLY MAGALH\u00c3ES DE FREITAS, para o cargo de Coordena\u00e7\u00e3o 1 da Secretaria de<br \/>\nDesenvolvimento Social e Direitos Humanos, com efeitos retroativos a<br \/>\n01.04.2017.<\/div>\n<div class=\"MsoNormal\" style=\"line-height: normal; margin-bottom: .0001pt; margin-bottom: 0cm; mso-layout-grid-align: none; text-align: justify; text-autospace: none;\">\nNomeada MARIA DE<br \/>\nF\u00c1TIMA PIMENTEL, para o cargo de Coordena\u00e7\u00e3o 1 da Secretaria de Desenvolvimento<br \/>\nSocial e Direitos Humanos, com efeitos retroativos a 01.04.2017.<\/div>\n<div class=\"MsoNormal\" style=\"line-height: normal; margin-bottom: .0001pt; margin-bottom: 0cm; mso-layout-grid-align: none; text-align: justify; text-autospace: none;\">\nNomeado GILMAR DE<br \/>\nARA\u00daJO PIMENTA, para o cargo de Ger\u00eancia 2 da Secretaria de Desenvolvimento<br \/>\nSocial e Direitos Humanos, com efeitos<\/div>\n<div class=\"MsoNormal\" style=\"line-height: normal; margin-bottom: .0001pt; margin-bottom: 0cm; mso-layout-grid-align: none; text-align: justify; text-autospace: none;\">\nretroativos a<br \/>\n01.04.2017.<\/div>\n<div class=\"MsoNormal\" style=\"line-height: normal; margin-bottom: .0001pt; margin-bottom: 0cm; mso-layout-grid-align: none; text-align: justify; text-autospace: none;\">\nNomeado JO\u00c3O CANDIDO<br \/>\nDE MELO SOBRINHO, para o cargo de Ger\u00eancia 2 da Secretaria de Desenvolvimento<br \/>\nSocial e Direitos Humanos, com efeitos<\/div>\n<div class=\"MsoNormal\" style=\"line-height: normal; margin-bottom: .0001pt; margin-bottom: 0cm; mso-layout-grid-align: none; text-align: justify; text-autospace: none;\">\nretroativos a<br \/>\n01.04.2017.<\/div>\n<div class=\"MsoNormal\" style=\"line-height: normal; margin-bottom: .0001pt; margin-bottom: 0cm; mso-layout-grid-align: none; text-align: justify; text-autospace: none;\">\nNomeada BERNADETH DE<br \/>\nLOURDES GONDIM, para o cargo de Secret\u00e1ria Executiva da Secretaria de<br \/>\nDesenvolvimento Social e Direitos Humanos, com efeitos retroativos a<br \/>\n01.04.2017.<\/div>\n<div class=\"MsoNormal\" style=\"line-height: normal; margin-bottom: .0001pt; margin-bottom: 0cm; mso-layout-grid-align: none; text-align: justify; text-autospace: none;\">\nNomeado MATHEUS SILVA<br \/>\nDE FREITAS, para o cargo de Gerente 1 da Secretaria de Servi\u00e7os P\u00fablicos, com<br \/>\nefeitos retroativos a 01.04.2017.<\/div>\n<div class=\"MsoNormal\" style=\"line-height: normal; margin-bottom: .0001pt; margin-bottom: 0cm; mso-layout-grid-align: none; text-align: justify; text-autospace: none;\">\nNomeado RODRIGO<br \/>\nSOARES DE AZEVEDO, para o cargo de Ger\u00eancia 1 da Procuradoria Geral do<br \/>\nMunic\u00edpio, com efeitos retroativos a 19.04.2017.<\/div>\n<div class=\"MsoNormal\" style=\"line-height: normal; margin-bottom: .0001pt; margin-bottom: 0cm; mso-layout-grid-align: none; text-align: justify; text-autospace: none;\">\nNomeada NATALIA MAIA<br \/>\nLINCOLN BARREIRA, para o cargo de Consultor Interno do Gabinete da Prefeita,<br \/>\ncom efeitos retroativos a 01.04.2017.<\/div>\n<div class=\"MsoNormal\" style=\"line-height: normal; margin-bottom: .0001pt; margin-bottom: 0cm; mso-layout-grid-align: none; text-align: justify; text-autospace: none;\">\nNomeado DANIEL ANDRE<br \/>\nSOARES DA SILVA, para o cargo de Coordenador 2 da Secretaria de Servi\u00e7os<br \/>\nP\u00fablicos, com efeitos retroativos a 01.04.2017.<\/div>\n<div class=\"MsoNormal\" style=\"line-height: normal; margin-bottom: .0001pt; margin-bottom: 0cm; mso-layout-grid-align: none; text-align: justify; text-autospace: none;\">\nExonerada, a pedido,<br \/>\nMARIA ELIZABETE ALVES DA SILVA, do cargo efetivo de Agente de Sa\u00fade, da<br \/>\nSecretaria de Sa\u00fade, com efeitos retroativos a 20.04.2017.<\/div>\n<div class=\"MsoNormal\" style=\"line-height: normal; margin-bottom: .0001pt; margin-bottom: 0cm; mso-layout-grid-align: none; text-align: justify; text-autospace: none;\">\nExonerada, a pedido,<br \/>\nMABEL BARBOSA DA SILVA, do cargo efetivo de Auxiliar de Enfermagem, da Secretaria<br \/>\nde Sa\u00fade, com efeitos retroativos a 24.04.2017.<\/div>\n<div class=\"MsoNormal\" style=\"line-height: normal; margin-bottom: .0001pt; margin-bottom: 0cm; mso-layout-grid-align: none; text-align: justify; text-autospace: none;\">\nExonerado, a pedido,<br \/>\nJOS\u00c9 DANIEL BARRETO DE CARVALHO, do cargo de provimento efetivo de Operador de<br \/>\nReprografia, da Secretaria de Educa\u00e7\u00e3o, Esportes, Juventude, Ci\u00eancia e<br \/>\nTecnologia, com efeitos retroativos a 20.02.2017.<\/div>\n<div class=\"MsoNormal\" style=\"line-height: normal; margin-bottom: .0001pt; margin-bottom: 0cm; mso-layout-grid-align: none; text-align: justify; text-autospace: none;\">\nExonerado MIKHAEL<br \/>\nMICHAEL MARCOLINO, do cargo de Assessoria T\u00e9cnica, do Gabinete do Secret\u00e1rio,<br \/>\nda Secretaria de Governo, com efeitos retroativos a 01.03.2017.<\/div>\n<div class=\"MsoNormal\" style=\"line-height: normal; margin-bottom: .0001pt; margin-bottom: 0cm; mso-layout-grid-align: none; text-align: justify; text-autospace: none;\">\nExonerado RANOAN<br \/>\nRAZIERY DE SOUZA SILVA, do cargo de Assessor IV da Coordenadoria de Controle,<br \/>\nManuten\u00e7\u00e3o e Abastecimento de Frota, da Ger\u00eancia de Administra\u00e7\u00e3o Geral, da<br \/>\nSecretaria de Administra\u00e7\u00e3o, com efeitos retroativos a 01.05.2017.<\/div>\n<div class=\"MsoNormal\" style=\"line-height: normal; margin-bottom: .0001pt; margin-bottom: 0cm; mso-layout-grid-align: none; text-align: justify; text-autospace: none;\">\nNomeada LYVIA<br \/>\nMYNNELLI SANTOS, para o cargo de Ger\u00eancia Geral da Secretaria de Administra\u00e7\u00e3o,<br \/>\nno per\u00edodo de 01 de abril a 30 de junho de 2017.<\/div>\n<div class=\"MsoNormal\" style=\"line-height: normal; margin-bottom: .0001pt; margin-bottom: 0cm; mso-layout-grid-align: none; text-align: justify; text-autospace: none;\">\nNomeado FRANCISCO<br \/>\nCARLOS BARROS RIBEIRO, para o cargo de Ger\u00eancia 2 da Secretaria de<br \/>\nAdministra\u00e7\u00e3o, com efeitos retroativos a 01.04.2017.<\/div>\n<div class=\"MsoNormal\" style=\"line-height: normal; margin-bottom: .0001pt; margin-bottom: 0cm; mso-layout-grid-align: none; text-align: justify; text-autospace: none;\">\nNomeada ROSIMERY<br \/>\nMARIA DA SILVA, para o cargo de Coordena\u00e7\u00e3o 1 da Secretaria de Desenvolvimento<br \/>\nSocial e Direitos Humanos, com efeitos retroativos a 01.04.2017.<\/div>\n<div class=\"MsoNormal\" style=\"line-height: normal; margin-bottom: .0001pt; margin-bottom: 0cm; mso-layout-grid-align: none; text-align: justify; text-autospace: none;\">\nNomeada KARINNY LIMA<br \/>\nDE OLIVEIRA, para o cargo de Coordena\u00e7\u00e3o 1 da Secretaria de Pol\u00edticas para as<br \/>\nMulheres, com efeitos retroativos a 01.04.2017.<\/div>\n<div class=\"MsoNormal\" style=\"line-height: normal; margin-bottom: .0001pt; margin-bottom: 0cm; mso-layout-grid-align: none; text-align: justify; text-autospace: none;\">\nNomeada FERNANDA<br \/>\nRAFAELA PEREIRA CHAGAS, para o cargo de Coordena\u00e7\u00e3o 2 da Secretaria de<br \/>\nPol\u00edticas para as Mulheres, com efeitos retroativos a 01.04.2017.<\/div>\n<div class=\"MsoNormal\" style=\"line-height: normal; margin-bottom: .0001pt; margin-bottom: 0cm; mso-layout-grid-align: none; text-align: justify; text-autospace: none;\">\nNomeada M\u00c1CIA ADRIANA<br \/>\nDA SILVA CORREIA DIAS, para o cargo de Coordena\u00e7\u00e3o 2 da Secretaria de Pol\u00edticas<br \/>\npara as Mulheres, com efeitos retroativos a 01.04.2017.<\/div>\n<div class=\"MsoNormal\" style=\"line-height: normal; margin-bottom: .0001pt; margin-bottom: 0cm; mso-layout-grid-align: none; text-align: justify; text-autospace: none;\">\nNomeada WANDA MARIA<br \/>\nMARTINS MEDEIROS, para o cargo em comiss\u00e3o de Coordena\u00e7\u00e3o 2 da Secretaria de<br \/>\nPol\u00edticas para as Mulheres, com efeitos retroativos a 01.04.2017.<\/div>\n<div class=\"MsoNormal\" style=\"line-height: normal; margin-bottom: .0001pt; margin-bottom: 0cm; mso-layout-grid-align: none; text-align: justify; text-autospace: none;\">\nNomeado JEFFERSON<br \/>\nSEVERINO DA SILVA, para o cargo de Assessoria T\u00e9cnica da Secretaria de<br \/>\nPol\u00edticas para as Mulheres, com efeitos retroativos a<\/div>\n<div class=\"MsoNormal\" style=\"line-height: normal; margin-bottom: .0001pt; margin-bottom: 0cm; mso-layout-grid-align: none; text-align: justify; text-autospace: none;\">\n01.04.2017.<\/div>\n<div class=\"MsoNormal\" style=\"line-height: normal; margin-bottom: .0001pt; margin-bottom: 0cm; mso-layout-grid-align: none; text-align: justify; text-autospace: none;\">\nNomeada MARIA<br \/>\nROZINETE VIEIRA BEZERRA, para o cargo de Assistente 1 da Secretaria de<br \/>\nPol\u00edticas para as Mulheres, com efeitos retroativos a 01.04.2017.<\/div>\n<div class=\"MsoNormal\" style=\"line-height: normal; margin-bottom: .0001pt; margin-bottom: 0cm; mso-layout-grid-align: none; text-align: justify; text-autospace: none;\">\nNomeada SARAH<br \/>\nBEATRICE VASCONCELOS DE LIMA LOPES, para o cargo de Ger\u00eancia Geral da<br \/>\nSecretaria de Pol\u00edticas para as Mulheres, com efeitos retroativos a 01.04.2017.<\/div>\n<div class=\"MsoNormal\" style=\"line-height: normal; margin-bottom: .0001pt; margin-bottom: 0cm; mso-layout-grid-align: none; text-align: justify; text-autospace: none;\">\nNomeada MARIA LUCIA<br \/>\nLEMOS, para o cargo de Assistente 1 da Secretaria<\/div>\n<div class=\"MsoNormal\" style=\"line-height: normal; margin-bottom: .0001pt; margin-bottom: 0cm; mso-layout-grid-align: none; text-align: justify; text-autospace: none;\">\nda Fazenda, com<br \/>\nefeitos retroativos a 01.04.2017.<\/div>\n<div class=\"MsoNormal\" style=\"line-height: normal; margin-bottom: .0001pt; margin-bottom: 0cm; mso-layout-grid-align: none; text-align: justify; text-autospace: none;\">\nNomeada NAYANNE DINIZ<br \/>\nBARBOSA, para o cargo de Assistente 1 da Secretaria da Fazenda, com efeitos<br \/>\nretroativos a 01.04.2017.<\/div>\n<div class=\"MsoNormal\" style=\"line-height: normal; margin-bottom: .0001pt; margin-bottom: 0cm; mso-layout-grid-align: none; text-align: justify; text-autospace: none;\">\nNomeada RITA DE<br \/>\nC\u00c1SSIA BATISTA CARVALHO, para o cargo de Coordenador 2 da Secretaria da<br \/>\nFazenda, com efeitos retroativos a 19.04.2017.<\/div>\n<div class=\"MsoNormal\" style=\"line-height: normal; margin-bottom: .0001pt; margin-bottom: 0cm; mso-layout-grid-align: none; text-align: justify; text-autospace: none;\">\nNomeado JOS\u00c9 OLEG\u00c1RIO<br \/>\nDE SOUZA, para o cargo de Assistente 2 da Secretaria de Servi\u00e7os P\u00fablicos, com<br \/>\nefeitos retroativos a 01.04.2017.<\/div>\n<div class=\"MsoNormal\" style=\"line-height: normal; margin-bottom: .0001pt; margin-bottom: 0cm; mso-layout-grid-align: none; text-align: justify; text-autospace: none;\">\nNomeada JURACI ALVES<br \/>\nCOSTA, para o cargo de Assistente 2 da Secretaria de Servi\u00e7os P\u00fablicos, com<br \/>\nefeitos retroativos a 01.04.2017.<\/div>\n<div class=\"MsoNormal\" style=\"line-height: normal; margin-bottom: .0001pt; margin-bottom: 0cm; mso-layout-grid-align: none; text-align: justify; text-autospace: none;\">\nNomeado LUCIEL<br \/>\nEMERSON DE GOES SILVA, para o cargo de Coordena\u00e7\u00e3o 1 da Secretaria de<br \/>\nPlanejamento, Or\u00e7amento e Gest\u00e3o, com efeitos retroativos a 01.04.2017.<\/div>\n<div class=\"MsoNormal\" style=\"line-height: normal; margin-bottom: .0001pt; margin-bottom: 0cm; mso-layout-grid-align: none; text-align: justify; text-autospace: none;\">\nNomeada SHIRLEY<br \/>\nPOLYANNA FERREIRA DE FREITAS, para o cargo de DIRETORA ADMINISTRATIVA E<br \/>\nFINANCEIRA DA CENTRAL DE ABASTECIMENTO DE CARUARU \u2013 CEACA, com efeitos<br \/>\nretroativos a 04.04.2017.<\/div>\n<div class=\"MsoNormal\" style=\"line-height: normal; margin-bottom: .0001pt; margin-bottom: 0cm; mso-layout-grid-align: none; text-align: justify; text-autospace: none;\">\nNomeado JOS\u00c9 JER\u00d4NIMO<br \/>\nDA SILVA FILHO, para o cargo de DIRETOR DE OPERA\u00c7\u00d5ES DA CENTRAL DE<br \/>\nABASTECIMENTO DE CARUARU \u2013 CEACA, com efeitos retroativos a 03.04.2017.<\/div>\n<div class=\"MsoNormal\" style=\"line-height: normal; margin-bottom: .0001pt; margin-bottom: 0cm; mso-layout-grid-align: none; text-align: justify; text-autospace: none;\">\nNomeado MAURICIO<br \/>\nTIBURCIO DE LIRA, para o cargo de Coordena\u00e7\u00e3o 2 da Secretaria de Educa\u00e7\u00e3o, com<br \/>\nefeitos retroativos a 01.04.2017.<\/div>\n<div class=\"MsoNormal\" style=\"line-height: normal; margin-bottom: .0001pt; margin-bottom: 0cm; mso-layout-grid-align: none; text-align: justify; text-autospace: none;\">\nNomeada SANDRA<br \/>\nALTENKIRCH DUARTE, &nbsp;para o cargo de Ger\u00eancia<br \/>\n1 da Secretaria de Educa\u00e7\u00e3o, com efeitos retroativos a 01.04.2017.<\/div>\n<div class=\"MsoNormal\" style=\"line-height: normal; margin-bottom: .0001pt; margin-bottom: 0cm; mso-layout-grid-align: none; text-align: justify; text-autospace: none;\">\nNomeada GELANEIDE<br \/>\nFERREIRA DE LIRA, para o cargo de Coordena\u00e7\u00e3o 2 da Secretaria de Educa\u00e7\u00e3o, com<br \/>\nefeitos retroativos a 01.04.2017.<\/div>\n<div class=\"MsoNormal\" style=\"line-height: normal; margin-bottom: .0001pt; margin-bottom: 0cm; mso-layout-grid-align: none; text-align: justify; text-autospace: none;\">\nNomeado LADJANE KARLA<br \/>\nTORRES LIMA, para o cargo de Ger\u00eancia Geral da Secretaria de Educa\u00e7\u00e3o, com<br \/>\nefeitos retroativos a 01.04.2017.<\/div>\n<div class=\"MsoNormal\" style=\"line-height: normal; margin-bottom: .0001pt; margin-bottom: 0cm; mso-layout-grid-align: none; text-align: justify; text-autospace: none;\">\nNomeada LIDIA CORREIA<br \/>\nDE OLIVEIRA, para o cargo de &nbsp;Coordena\u00e7\u00e3o<br \/>\n2 da Secretaria de Educa\u00e7\u00e3o, com efeitos retroativos a 01.04.2017.<\/div>\n<div class=\"MsoNormal\" style=\"line-height: normal; margin-bottom: .0001pt; margin-bottom: 0cm; mso-layout-grid-align: none; text-align: justify; text-autospace: none;\">\nNomeado EDUARDO<br \/>\nVIEIRA DE SOUZA, para o cargo de Coordena\u00e7\u00e3o 1 da Secretaria de Desenvolvimento<br \/>\nSocial e Direitos Humanos, com efeitos retroativos a 01.04.2017.<\/div>\n<div class=\"MsoNormal\" style=\"line-height: normal; margin-bottom: .0001pt; margin-bottom: 0cm; mso-layout-grid-align: none; text-align: justify; text-autospace: none;\">\nNomeado ALLAN JOS\u00c9 DA<br \/>\nSILVA, para o cargo de Assistente 1 da Secretaria de Desenvolvimento Social e<br \/>\nDireitos Humanos, com efeitos retroativos a 01.04.2017.<\/div>\n<div class=\"MsoNormal\" style=\"line-height: normal; margin-bottom: .0001pt; margin-bottom: 0cm; mso-layout-grid-align: none; text-align: justify; text-autospace: none;\">\nNomeado VICTOR LUCAS<br \/>\nBEZERRA DE SIQUEIRA, para o cargo de Assistente 1 da Secretaria de<br \/>\nDesenvolvimento Social e Direitos Humanos, com efeitos retroativos a<br \/>\n01.04.2017.<\/div>\n<div class=\"MsoNormal\" style=\"line-height: normal; margin-bottom: .0001pt; margin-bottom: 0cm; mso-layout-grid-align: none; text-align: justify; text-autospace: none;\">\nNomeado IAGO RAFAEL<br \/>\nTORRES, para o cargo de Coordena\u00e7\u00e3o 2 da<\/div>\n<div class=\"MsoNormal\" style=\"line-height: normal; margin-bottom: .0001pt; margin-bottom: 0cm; mso-layout-grid-align: none; text-align: justify; text-autospace: none;\">\nSecretaria de<br \/>\nDesenvolvimento Social e Direitos Humanos, com efeitos retroativos a<br \/>\n01.04.2017.<\/div>\n<div class=\"MsoNormal\" style=\"line-height: normal; margin-bottom: .0001pt; margin-bottom: 0cm; mso-layout-grid-align: none; text-align: justify; text-autospace: none;\">\nNomeada FELIPE<br \/>\nMENDON\u00c7A GUERRA, para o cargo de Secret\u00e1rio Executivo da Secretaria de<br \/>\nSustentabilidade e Desenvolvimento Rural, com efeitos retroativos a 01.05.2017.<\/div>\n<div class=\"MsoNormal\" style=\"line-height: normal; margin-bottom: .0001pt; margin-bottom: 0cm; mso-layout-grid-align: none; text-align: justify; text-autospace: none;\">\nNomeada MARIANA DE<br \/>\nLIMA CORDEIRO, para o cargo de Coordena\u00e7\u00e3o 1 da Secretaria de Sa\u00fade, com<br \/>\nefeitos retroativos a 01.04.2017.<\/div>\n<div class=\"MsoNormal\" style=\"line-height: normal; margin-bottom: .0001pt; margin-bottom: 0cm; mso-layout-grid-align: none; text-align: justify; text-autospace: none;\">\nNomeada GESSYANE VALE<br \/>\nPAULINO, para o cargo de Secret\u00e1rio Executivo da Secretaria de Sa\u00fade, com<br \/>\nefeitos retroativos a 01.05.2017.<\/div>\n<div class=\"MsoNormal\" style=\"line-height: normal; margin-bottom: .0001pt; margin-bottom: 0cm; mso-layout-grid-align: none; text-align: justify; text-autospace: none;\">\nNomeado ALECSANDRO<br \/>\nCAVALCANTE DE FARIAS, para o cargo em comiss\u00e3o de Coordena\u00e7\u00e3o 1 da Secretaria<br \/>\nde Planejamento, Or\u00e7amento e Gest\u00e3o, com efeitos retroativos a 01.04.2017.<\/div>\n<div class=\"MsoNormal\" style=\"line-height: normal; margin-bottom: .0001pt; margin-bottom: 0cm; mso-layout-grid-align: none; text-align: justify; text-autospace: none;\">\nNomeado RENATO DE<br \/>\nAZEVEDO, para o cargo de Coordena\u00e7\u00e3o 1 da<\/div>\n<div class=\"MsoNormal\" style=\"line-height: normal; margin-bottom: .0001pt; margin-bottom: 0cm; mso-layout-grid-align: none; text-align: justify; text-autospace: none;\">\nSecretaria de<br \/>\nPlanejamento, Or\u00e7amento e Gest\u00e3o, com efeitos retroativos a 01.04.2017.<\/div>\n<div class=\"MsoNormal\" style=\"line-height: normal; margin-bottom: .0001pt; margin-bottom: 0cm; mso-layout-grid-align: none; text-align: justify; text-autospace: none;\">\nNomeado HELENO<br \/>\nSEVERINO DA SILVA, para o cargo de Coordena\u00e7\u00e3o 1 da Secretaria de Planejamento,<br \/>\nOr\u00e7amento e Gest\u00e3o, com efeitos retroativos a 01.04.2017.<\/div>\n<div class=\"MsoNormal\" style=\"line-height: normal; margin-bottom: .0001pt; margin-bottom: 0cm; mso-layout-grid-align: none; text-align: justify; text-autospace: none;\">\nNomeado H\u00c9RLON CAVALCANTI,<br \/>\npara o cargo de Coordena\u00e7\u00e3o 1 da Secretaria de Planejamento, Or\u00e7amento e<br \/>\nGest\u00e3o, com efeitos retroativos a 01.04.2017.<\/div>\n<div class=\"MsoNormal\" style=\"line-height: normal; margin-bottom: .0001pt; margin-bottom: 0cm; mso-layout-grid-align: none; text-align: justify; text-autospace: none;\">\nNomeada SHARLENE<br \/>\nNEUMA HENRIQUE DA SILVA, para o cargo de Coordena\u00e7\u00e3o 1 da Secretaria de<br \/>\nPlanejamento, Or\u00e7amento e Gest\u00e3o, com efeitos retroativos a 01.04.2017.<\/div>\n<div class=\"MsoNormal\" style=\"line-height: normal; margin-bottom: .0001pt; margin-bottom: 0cm; mso-layout-grid-align: none; text-align: justify; text-autospace: none;\">\nNomeado YURI DANILO<br \/>\nARAG\u00c3O, para o cargo de Assistente 1 da Secretaria de Planejamento, Or\u00e7amento e<br \/>\nGest\u00e3o, com efeitos retroativos a 01.04.2017.<\/div>\n<div class=\"MsoNormal\" style=\"line-height: normal; margin-bottom: .0001pt; margin-bottom: 0cm; mso-layout-grid-align: none; text-align: justify; text-autospace: none;\">\nNomeada MARIA DAS<br \/>\nDORES VASCONCELOS DE AZEVEDO, para o cargo de Coordena\u00e7\u00e3o 1 da Secretaria da<br \/>\nFazenda, com efeitos retroativos a 01.04.2017.<\/div>\n<div class=\"MsoNormal\" style=\"line-height: normal; margin-bottom: .0001pt; margin-bottom: 0cm; mso-layout-grid-align: none; text-align: justify; text-autospace: none;\">\nNomeada MARIA ELIANE<br \/>\nEVARISTO CHAVES, para o cargo de Coordena\u00e7\u00e3o 1 da Secretaria da Fazenda, com<br \/>\nefeitos retroativos a 01.04.2017.<\/div>\n<div class=\"MsoNormal\" style=\"line-height: normal; margin-bottom: .0001pt; margin-bottom: 0cm; mso-layout-grid-align: none; text-align: justify; text-autospace: none;\">\nNomeado ALVARO DIEGO<br \/>\nRIVADENEIRA HIDROBO, para o<\/div>\n<div class=\"MsoNormal\" style=\"line-height: normal; margin-bottom: .0001pt; margin-bottom: 0cm; mso-layout-grid-align: none; text-align: justify; text-autospace: none;\">\ncargo de Consultor<br \/>\nInterno do Gabinete do Prefeito, com efeitos retroativos a 01.04.2017.<\/div>\n<div class=\"MsoNormal\" style=\"line-height: normal; margin-bottom: .0001pt; margin-bottom: 0cm; mso-layout-grid-align: none; text-align: justify; text-autospace: none;\">\nNomeada ELIS\u00c2NGELA<br \/>\nBARBOSA DA SILVA ALMEIDA, para o cargo de Coordena\u00e7\u00e3o 2 da Secretaria de<br \/>\nPol\u00edticas para as Mulheres, com efeitos retroativos a 01.04.2017.<\/div>\n<div class=\"MsoNormal\" style=\"line-height: normal; margin-bottom: .0001pt; margin-bottom: 0cm; mso-layout-grid-align: none; text-align: justify; text-autospace: none;\">\nNomeada PAULA<br \/>\nVASCONCELOS DE LIMA, para o cargo de Coordena\u00e7\u00e3o 2 &nbsp;da Secretaria de Pol\u00edticas para as Mulheres,<br \/>\ncom efeitos retroativos a 01.04.2017.<\/div>\n<div class=\"MsoNormal\" style=\"line-height: normal; margin-bottom: .0001pt; margin-bottom: 0cm; mso-layout-grid-align: none; text-align: justify; text-autospace: none;\">\nExonerado, a pedido,<br \/>\nWENDY CARVALHO PIO DA SILVA, do cargo de Ger\u00eancia 2, da Secretaria de Administra\u00e7\u00e3o,<br \/>\ncom efeitos retroativos a 01.05.2017.<\/div>\n<div class=\"MsoNormal\" style=\"line-height: normal; margin-bottom: .0001pt; margin-bottom: 0cm; mso-layout-grid-align: none; text-align: justify; text-autospace: none;\">\nExonerada ANA PAULA<br \/>\nAGUIAR MIRANDA, do cargo de Chefe de Divis\u00e3o de Transportes, da Autarquia<br \/>\nMunicipal de Defesa Social, Tr\u00e2nsito e Transportes &#8211; DESTRA, com efeitos<br \/>\nretroativos a 01.04.2017.<\/div>\n<div class=\"MsoNormal\" style=\"line-height: normal; margin-bottom: .0001pt; margin-bottom: 0cm; mso-layout-grid-align: none; text-align: justify; text-autospace: none;\">\nExonerado ROSIM\u00c1RIO<br \/>\nROMILDO DA SILVA, do cargo de Chefe de Credenciamento e Vistoria, da Autarquia<br \/>\nMunicipal de Defesa Social, Tr\u00e2nsito e Transportes &#8211; DESTRA, com efeitos<br \/>\nretroativos a 01.04.2017.<\/div>\n<div class=\"MsoNormal\" style=\"line-height: normal; margin-bottom: .0001pt; margin-bottom: 0cm; mso-layout-grid-align: none; text-align: justify; text-autospace: none;\">\nDispensada ALINE COSTA<br \/>\nDIAS DE ARA\u00daJO, da atribui\u00e7\u00e3o de \u201cGerenciador de Sistema\u201d, na opera\u00e7\u00e3o do sistema<br \/>\nSAGRES \u2013 M\u00f3dulo Sistema de Cadastro de Unidade Gestora, junto ao<\/div>\n<p><\/p>\n<div class=\"MsoNormal\" style=\"line-height: normal; margin-bottom: .0001pt; margin-bottom: 0cm; mso-layout-grid-align: none; text-align: justify; text-autospace: none;\">\nTribunal de Contas do<br \/>\nEstado de Pernambuco, da Unidade Jurisdicionada URB \u2013 Empresa de urbaniza\u00e7\u00e3o,<br \/>\nPlanejamento e Meio Ambiente de Caruaru.<\/p>\n<div class=\"separator\" style=\"clear: both; text-align: center;\">\n<a href=\"http:\/\/blogdoedvaldomagalhaes.com.br\/wp-content\/uploads\/2017\/05\/10-Etical-10.jpg\" imageanchor=\"1\" style=\"margin-left: 1em; margin-right: 1em;\"><img decoding=\"async\" border=\"0\" src=\"http:\/\/blogdoedvaldomagalhaes.com.br\/wp-content\/uploads\/2017\/05\/10-Etical-10.jpg\" \/><\/a><\/div>\n<\/div>\n","protected":false},"excerpt":{"rendered":"<p>Nomea\u00e7\u00f5es: MATHEUS ROGER DO NASCIMENTO PRESTES, para o cargo de Assistente 2 da Secretaria de Administra\u00e7\u00e3o MARIA DO SOCORRO BRAGA&hellip;<\/p>\n","protected":false},"author":1,"featured_media":0,"comment_status":"open","ping_status":"open","sticky":false,"template":"","format":"standard","meta":{"footnotes":""},"categories":[1],"tags":[2,8067,20],"class_list":["post-6002","post","type-post","status-publish","format-standard","hentry","category-sem-categoria","tag-blog-do-edvaldo-magalhaes","tag-confiras-as-recentes-nomeacoes-e-exoneracoes-da-prefeitura-de-caruaru","tag-politica"],"_links":{"self":[{"href":"https:\/\/blogdoedvaldomagalhaes.com.br\/index.php\/wp-json\/wp\/v2\/posts\/6002","targetHints":{"allow":["GET"]}}],"collection":[{"href":"https:\/\/blogdoedvaldomagalhaes.com.br\/index.php\/wp-json\/wp\/v2\/posts"}],"about":[{"href":"https:\/\/blogdoedvaldomagalhaes.com.br\/index.php\/wp-json\/wp\/v2\/types\/post"}],"author":[{"embeddable":true,"href":"https:\/\/blogdoedvaldomagalhaes.com.br\/index.php\/wp-json\/wp\/v2\/users\/1"}],"replies":[{"embeddable":true,"href":"https:\/\/blogdoedvaldomagalhaes.com.br\/index.php\/wp-json\/wp\/v2\/comments?post=6002"}],"version-history":[{"count":1,"href":"https:\/\/blogdoedvaldomagalhaes.com.br\/index.php\/wp-json\/wp\/v2\/posts\/6002\/revisions"}],"predecessor-version":[{"id":19584,"href":"https:\/\/blogdoedvaldomagalhaes.com.br\/index.php\/wp-json\/wp\/v2\/posts\/6002\/revisions\/19584"}],"wp:attachment":[{"href":"https:\/\/blogdoedvaldomagalhaes.com.br\/index.php\/wp-json\/wp\/v2\/media?parent=6002"}],"wp:term":[{"taxonomy":"category","embeddable":true,"href":"https:\/\/blogdoedvaldomagalhaes.com.br\/index.php\/wp-json\/wp\/v2\/categories?post=6002"},{"taxonomy":"post_tag","embeddable":true,"href":"https:\/\/blogdoedvaldomagalhaes.com.br\/index.php\/wp-json\/wp\/v2\/tags?post=6002"}],"curies":[{"name":"wp","href":"https:\/\/api.w.org\/{rel}","templated":true}]}}