{"id":6000,"date":"2017-05-12T10:43:00","date_gmt":"2017-05-12T13:43:00","guid":{"rendered":"http:\/\/blogdoedvaldomagalhaes.com.br\/index.php\/2017\/05\/12\/jovem-com-passagens-pela-policia-foi\/"},"modified":"2019-02-09T01:26:22","modified_gmt":"2019-02-09T03:26:22","slug":"jovem-com-passagens-pela-policia-foi","status":"publish","type":"post","link":"https:\/\/blogdoedvaldomagalhaes.com.br\/index.php\/2017\/05\/12\/jovem-com-passagens-pela-policia-foi\/","title":{"rendered":"Jovem com passagens pela pol\u00edcia foi assassinado em Caruaru"},"content":{"rendered":"<div class=\"separator\" style=\"clear: both; text-align: center;\">\n<a href=\"https:\/\/2.bp.blogspot.com\/-Qmi2-rjhWN8\/WRWRPAR1ovI\/AAAAAAAAVFQ\/vdEYNVKjZ8sj2Opp1N_Ijx1-CQrtG9Y7gCLcB\/s1600\/foto.JPG\" imageanchor=\"1\" style=\"margin-left: 1em; margin-right: 1em;\"><img loading=\"lazy\" decoding=\"async\" border=\"0\" height=\"265\" src=\"http:\/\/blogdoedvaldomagalhaes.com.br\/wp-content\/uploads\/2017\/05\/foto.jpg\" width=\"400\" \/><\/a><\/div>\n<div class=\"MsoNormal\" style=\"text-align: justify;\">\n<\/div>\n<div class=\"MsoNormal\" style=\"text-align: justify;\">\nUm jovem foi assassinado a tiros na noite desta quinta-feira (11), na rua Am\u00e9lia Maria da Concei\u00e7\u00e3o, no bairro Petr\u00f3polis. Jos\u00e9 Roberto da Silva, que era conhecido como \u201cRobertinho\u201d de 25 anos, que morava na Rua Antenor Navarro, no mesmo bairro. Ele j\u00e1 foi preso por furto e foi morto a tiros.<\/div>\n<div class=\"MsoNormal\" style=\"text-align: justify;\">\n<\/div>\n<div class=\"MsoNormal\" style=\"text-align: justify;\">\nO Sargento Adelino, informou que familiares disseram que o jovem tinha muitos inimigos e possivelmente se desentendeu com algu\u00e9m em meio a uma bebedeira, pois ele estava com uma latinha de cerveja. O&nbsp;corpo foi encaminhado para o IML local<\/div>\n<div class=\"MsoNormal\" style=\"text-align: justify;\">\n<\/div>\n<div class=\"MsoNormal\" style=\"text-align: justify;\">\nEste foi o 6\u00ba homic\u00eddio do m\u00eas de maio e o 107\u00ba do ano de 2017.<\/div>\n<div class=\"MsoNormal\" style=\"text-align: justify;\">\n<\/div>\n<div class=\"MsoNormal\" style=\"text-align: justify;\">\nFonte: Adielson Galv\u00e3o.<\/p>\n<div class=\"separator\" style=\"clear: both; text-align: center;\">\n<a href=\"http:\/\/blogdoedvaldomagalhaes.com.br\/wp-content\/uploads\/2017\/05\/3-Coletivo-11.jpg\" imageanchor=\"1\" style=\"clear: left; float: left; margin-bottom: 1em; margin-right: 1em;\"><img decoding=\"async\" border=\"0\" src=\"http:\/\/blogdoedvaldomagalhaes.com.br\/wp-content\/uploads\/2017\/05\/3-Coletivo-11.jpg\" \/><\/a><\/div>\n<p><\/div>\n","protected":false},"excerpt":{"rendered":"<p>Um jovem foi assassinado a tiros na noite desta quinta-feira (11), na rua Am\u00e9lia Maria da Concei\u00e7\u00e3o, no bairro Petr\u00f3polis.&hellip;<\/p>\n","protected":false},"author":1,"featured_media":0,"comment_status":"open","ping_status":"open","sticky":false,"template":"","format":"standard","meta":{"footnotes":""},"categories":[1],"tags":[1326,2,8065,13],"class_list":["post-6000","post","type-post","status-publish","format-standard","hentry","category-sem-categoria","tag-bairro-petropolis","tag-blog-do-edvaldo-magalhaes","tag-jovem-com-passagens-pela-policia-foi-assassinado-em-caruaru","tag-policial"],"_links":{"self":[{"href":"https:\/\/blogdoedvaldomagalhaes.com.br\/index.php\/wp-json\/wp\/v2\/posts\/6000","targetHints":{"allow":["GET"]}}],"collection":[{"href":"https:\/\/blogdoedvaldomagalhaes.com.br\/index.php\/wp-json\/wp\/v2\/posts"}],"about":[{"href":"https:\/\/blogdoedvaldomagalhaes.com.br\/index.php\/wp-json\/wp\/v2\/types\/post"}],"author":[{"embeddable":true,"href":"https:\/\/blogdoedvaldomagalhaes.com.br\/index.php\/wp-json\/wp\/v2\/users\/1"}],"replies":[{"embeddable":true,"href":"https:\/\/blogdoedvaldomagalhaes.com.br\/index.php\/wp-json\/wp\/v2\/comments?post=6000"}],"version-history":[{"count":1,"href":"https:\/\/blogdoedvaldomagalhaes.com.br\/index.php\/wp-json\/wp\/v2\/posts\/6000\/revisions"}],"predecessor-version":[{"id":19590,"href":"https:\/\/blogdoedvaldomagalhaes.com.br\/index.php\/wp-json\/wp\/v2\/posts\/6000\/revisions\/19590"}],"wp:attachment":[{"href":"https:\/\/blogdoedvaldomagalhaes.com.br\/index.php\/wp-json\/wp\/v2\/media?parent=6000"}],"wp:term":[{"taxonomy":"category","embeddable":true,"href":"https:\/\/blogdoedvaldomagalhaes.com.br\/index.php\/wp-json\/wp\/v2\/categories?post=6000"},{"taxonomy":"post_tag","embeddable":true,"href":"https:\/\/blogdoedvaldomagalhaes.com.br\/index.php\/wp-json\/wp\/v2\/tags?post=6000"}],"curies":[{"name":"wp","href":"https:\/\/api.w.org\/{rel}","templated":true}]}}