{"id":600,"date":"2018-11-27T17:25:00","date_gmt":"2018-11-27T19:25:00","guid":{"rendered":"http:\/\/blogdoedvaldomagalhaes.com.br\/index.php\/2018\/11\/27\/festa-de-nossa-senhora-da-conceicao-e-2\/"},"modified":"2019-02-09T02:43:07","modified_gmt":"2019-02-09T04:43:07","slug":"festa-de-nossa-senhora-da-conceicao-e-2","status":"publish","type":"post","link":"https:\/\/blogdoedvaldomagalhaes.com.br\/index.php\/2018\/11\/27\/festa-de-nossa-senhora-da-conceicao-e-2\/","title":{"rendered":"Festa de Nossa Senhora da Concei\u00e7\u00e3o em Caruaru come\u00e7a quinta (29)"},"content":{"rendered":"<div class=\"separator\" style=\"clear: both; text-align: center;\">\n<a href=\"https:\/\/3.bp.blogspot.com\/-JHe7FoP_TSU\/W_193sbKhTI\/AAAAAAAA-dg\/Ideu5e8ONmMyKRNsKoWfNeS0NkxSiT8lwCLcBGAs\/s1600\/festa.png\" imageanchor=\"1\" style=\"margin-left: 1em; margin-right: 1em;\"><img loading=\"lazy\" decoding=\"async\" border=\"0\" data-original-height=\"427\" data-original-width=\"640\" height=\"426\" src=\"http:\/\/blogdoedvaldomagalhaes.com.br\/wp-content\/uploads\/2018\/11\/festa.png\" width=\"640\" \/><\/a><\/div>\n<p><\/p>\n<div style=\"text-align: justify;\">\nH\u00e1 236 anos nossa terra caruaruense \u00e9 regada pela f\u00e9 e a esperan\u00e7a, por meio da devo\u00e7\u00e3o de Jos\u00e9 Rodrigues de Jesus \u00e0 Maria. A Igreja de Nossa Senhora da Concei\u00e7\u00e3o, localizada no Marco Zero, remete a hist\u00f3ria da cidade e registra a religiosidade de um povo. Para celebrar a sua padroeira foi montada uma programa\u00e7\u00e3o que tem in\u00edcio na pr\u00f3xima quinta (29) e segue at\u00e9 o s\u00e1bado, 08 de dezembro, data da solenidade em honra da Imaculada Concei\u00e7\u00e3o.<\/div>\n<div style=\"text-align: justify;\">\n<\/div>\n<div style=\"text-align: justify;\">\nNa quinta (29) a programa\u00e7\u00e3o come\u00e7a as 18h30 com a reza do ter\u00e7o no Col\u00e9gio Sagrado Cora\u00e7\u00e3o, 19h Prociss\u00e3o da bandeira, 19h30 Celebra\u00e7\u00e3o Eucar\u00edstica, finalizando com a Quermesse. Nos demais dias, al\u00e9m da programa\u00e7\u00e3o noturna, haver\u00e1 \u00e0s 6h da manh\u00e3 o Of\u00edcio de Nossa Senhora e \u00e0s 7h Missa. O dia 08 de dezembro ser\u00e1 marcado pelo repique dos sinos e alvorada \u00e0s 12h e a Prociss\u00e3o luminosa seguida da Missa de encerramento.<\/div>\n<div style=\"text-align: justify;\">\n<\/div>\n<div style=\"text-align: justify;\">\nA Igreja de Nossa Senhora da Concei\u00e7\u00e3o \u00e9 uma comunidade da Catedral de Nossa Senhora das Dores, que tem como p\u00e1roco o Pe. Zenilson Tib\u00farcio; e vig\u00e1rio paroquial, o Pe. Francisco Xavier. \u201cConvidamos todos os comerciantes e comerci\u00e1rios, bem como a popula\u00e7\u00e3o em geral para celebrar conosco a tradicional festa de Nossa Senhora da Concei\u00e7\u00e3o, que est\u00e1 no cora\u00e7\u00e3o do povo caruaruense\u201d, refor\u00e7ou o Pe. Zenilson Tib\u00farcio.<\/div>\n<div style=\"text-align: justify;\">\n<\/div>\n<div style=\"text-align: justify;\">\n<\/div>\n","protected":false},"excerpt":{"rendered":"<p>H\u00e1 236 anos nossa terra caruaruense \u00e9 regada pela f\u00e9 e a esperan\u00e7a, por meio da devo\u00e7\u00e3o de Jos\u00e9 Rodrigues&hellip;<\/p>\n","protected":false},"author":1,"featured_media":0,"comment_status":"open","ping_status":"open","sticky":false,"template":"","format":"standard","meta":{"footnotes":""},"categories":[1],"tags":[2,527,6],"class_list":["post-600","post","type-post","status-publish","format-standard","hentry","category-sem-categoria","tag-blog-do-edvaldo-magalhaes","tag-festa-de-nossa-senhora-da-conceicao-em-caruaru-comeca-quinta-29","tag-noticias"],"_links":{"self":[{"href":"https:\/\/blogdoedvaldomagalhaes.com.br\/index.php\/wp-json\/wp\/v2\/posts\/600","targetHints":{"allow":["GET"]}}],"collection":[{"href":"https:\/\/blogdoedvaldomagalhaes.com.br\/index.php\/wp-json\/wp\/v2\/posts"}],"about":[{"href":"https:\/\/blogdoedvaldomagalhaes.com.br\/index.php\/wp-json\/wp\/v2\/types\/post"}],"author":[{"embeddable":true,"href":"https:\/\/blogdoedvaldomagalhaes.com.br\/index.php\/wp-json\/wp\/v2\/users\/1"}],"replies":[{"embeddable":true,"href":"https:\/\/blogdoedvaldomagalhaes.com.br\/index.php\/wp-json\/wp\/v2\/comments?post=600"}],"version-history":[{"count":1,"href":"https:\/\/blogdoedvaldomagalhaes.com.br\/index.php\/wp-json\/wp\/v2\/posts\/600\/revisions"}],"predecessor-version":[{"id":36218,"href":"https:\/\/blogdoedvaldomagalhaes.com.br\/index.php\/wp-json\/wp\/v2\/posts\/600\/revisions\/36218"}],"wp:attachment":[{"href":"https:\/\/blogdoedvaldomagalhaes.com.br\/index.php\/wp-json\/wp\/v2\/media?parent=600"}],"wp:term":[{"taxonomy":"category","embeddable":true,"href":"https:\/\/blogdoedvaldomagalhaes.com.br\/index.php\/wp-json\/wp\/v2\/categories?post=600"},{"taxonomy":"post_tag","embeddable":true,"href":"https:\/\/blogdoedvaldomagalhaes.com.br\/index.php\/wp-json\/wp\/v2\/tags?post=600"}],"curies":[{"name":"wp","href":"https:\/\/api.w.org\/{rel}","templated":true}]}}