{"id":5999,"date":"2017-05-12T17:03:00","date_gmt":"2017-05-12T20:03:00","guid":{"rendered":"http:\/\/blogdoedvaldomagalhaes.com.br\/index.php\/2017\/05\/12\/associacao-dos-idealizadores-das-2\/"},"modified":"2019-02-09T01:26:23","modified_gmt":"2019-02-09T03:26:23","slug":"associacao-dos-idealizadores-das-2","status":"publish","type":"post","link":"https:\/\/blogdoedvaldomagalhaes.com.br\/index.php\/2017\/05\/12\/associacao-dos-idealizadores-das-2\/","title":{"rendered":"Associa\u00e7\u00e3o dos Idealizadores das Comidas Gigantes lan\u00e7a calend\u00e1rio das festas"},"content":{"rendered":"<div class=\"separator\" style=\"clear: both; text-align: center;\">\n<a href=\"https:\/\/4.bp.blogspot.com\/-U9uhfEvr8LE\/WRXqho-adzI\/AAAAAAAAVF0\/VnjpdEKi0wAKzSiGznmFFL-E9Nnr7-9-ACLcB\/s1600\/comidas.jpg\" imageanchor=\"1\" style=\"margin-left: 1em; margin-right: 1em;\"><img loading=\"lazy\" decoding=\"async\" border=\"0\" height=\"225\" src=\"http:\/\/blogdoedvaldomagalhaes.com.br\/wp-content\/uploads\/2017\/05\/comidas.jpg\" width=\"400\" \/><\/a><\/div>\n<div style=\"text-align: justify;\">\n<\/div>\n<div style=\"text-align: justify;\">\nA Associa\u00e7\u00e3o dos Idealizadores das Comidas Gigantes de Caruaru vai fazer o lan\u00e7amento oficial da programa\u00e7\u00e3o 2017 e decretar o dia nacional das Comidas Gigantes no pr\u00f3ximo dia 22. O Arrai\u00e1 das Comidas Gigantes ser\u00e1 realizado na Rua Bar\u00e3o de Itamarac\u00e1 no Bairro Indian\u00f3polis na Capital do Forr\u00f3, a partir das 20h, com muito sabor junino e m\u00fasica nordestina para animar a quem for prestigiar o evento.<\/p>\n<div class=\"separator\" style=\"clear: both; text-align: center;\">\n<a href=\"http:\/\/blogdoedvaldomagalhaes.com.br\/wp-content\/uploads\/2017\/05\/4-C393tica-11.jpg\" imageanchor=\"1\" style=\"clear: left; float: left; margin-bottom: 1em; margin-right: 1em;\"><img decoding=\"async\" border=\"0\" src=\"http:\/\/blogdoedvaldomagalhaes.com.br\/wp-content\/uploads\/2017\/05\/4-C393tica-11.jpg\" \/><\/a><\/div>\n<p><\/div>\n","protected":false},"excerpt":{"rendered":"<p>A Associa\u00e7\u00e3o dos Idealizadores das Comidas Gigantes de Caruaru vai fazer o lan\u00e7amento oficial da programa\u00e7\u00e3o 2017 e decretar o&hellip;<\/p>\n","protected":false},"author":1,"featured_media":0,"comment_status":"open","ping_status":"open","sticky":false,"template":"","format":"standard","meta":{"footnotes":""},"categories":[1],"tags":[8064,1527,2,6,2512],"class_list":["post-5999","post","type-post","status-publish","format-standard","hentry","category-sem-categoria","tag-associacao-dos-idealizadores-das-comidas-gigantes-lanca-calendario-das-festas","tag-bairro-indianopolis","tag-blog-do-edvaldo-magalhaes","tag-noticias","tag-rua-barao-de-itamaraca"],"_links":{"self":[{"href":"https:\/\/blogdoedvaldomagalhaes.com.br\/index.php\/wp-json\/wp\/v2\/posts\/5999","targetHints":{"allow":["GET"]}}],"collection":[{"href":"https:\/\/blogdoedvaldomagalhaes.com.br\/index.php\/wp-json\/wp\/v2\/posts"}],"about":[{"href":"https:\/\/blogdoedvaldomagalhaes.com.br\/index.php\/wp-json\/wp\/v2\/types\/post"}],"author":[{"embeddable":true,"href":"https:\/\/blogdoedvaldomagalhaes.com.br\/index.php\/wp-json\/wp\/v2\/users\/1"}],"replies":[{"embeddable":true,"href":"https:\/\/blogdoedvaldomagalhaes.com.br\/index.php\/wp-json\/wp\/v2\/comments?post=5999"}],"version-history":[{"count":1,"href":"https:\/\/blogdoedvaldomagalhaes.com.br\/index.php\/wp-json\/wp\/v2\/posts\/5999\/revisions"}],"predecessor-version":[{"id":19593,"href":"https:\/\/blogdoedvaldomagalhaes.com.br\/index.php\/wp-json\/wp\/v2\/posts\/5999\/revisions\/19593"}],"wp:attachment":[{"href":"https:\/\/blogdoedvaldomagalhaes.com.br\/index.php\/wp-json\/wp\/v2\/media?parent=5999"}],"wp:term":[{"taxonomy":"category","embeddable":true,"href":"https:\/\/blogdoedvaldomagalhaes.com.br\/index.php\/wp-json\/wp\/v2\/categories?post=5999"},{"taxonomy":"post_tag","embeddable":true,"href":"https:\/\/blogdoedvaldomagalhaes.com.br\/index.php\/wp-json\/wp\/v2\/tags?post=5999"}],"curies":[{"name":"wp","href":"https:\/\/api.w.org\/{rel}","templated":true}]}}