{"id":59951,"date":"2020-08-10T10:17:48","date_gmt":"2020-08-10T13:17:48","guid":{"rendered":"https:\/\/blogdoedvaldomagalhaes.com.br\/?p=59951"},"modified":"2020-08-10T10:17:55","modified_gmt":"2020-08-10T13:17:55","slug":"registrados-31-homicidios-no-fim-de-semana-em-pe-chacina-ocorreu-em-ipojuca","status":"publish","type":"post","link":"https:\/\/blogdoedvaldomagalhaes.com.br\/index.php\/2020\/08\/10\/registrados-31-homicidios-no-fim-de-semana-em-pe-chacina-ocorreu-em-ipojuca\/","title":{"rendered":"Registrados 31 homic\u00eddios no fim de semana em PE; Chacina ocorreu em Ipojuca"},"content":{"rendered":"<p style=\"text-align: justify;\">Trinta e uma pessoas foram assassinadas no fim de semana em Pernambuco. Em agosto, s\u00e3o\u00a0<strong>90<\/strong>\u00a0homic\u00eddios no Estado e de janeiro at\u00e9 agora\u00a0<strong>2.363<\/strong>\u00a0crimes.<\/p>\n<p style=\"text-align: justify;\">Em\u00a0<strong>Ipojuca<\/strong>, na Regi\u00e3o Metropolitana do Recife, aconteceu uma chacina no final da noite deste domingo (09). Uma festa em uma pra\u00e7a terminou com 5 pessoas mortas e 12 baleadas. Entre os mortos, est\u00e3o tr\u00eas homens e duas mulheres. De acordo com a Pol\u00edcia Civil, homens armados chegaram em dois carros e come\u00e7aram a disparar tiros.<\/p>\n<p style=\"text-align: justify;\">Em\u00a0<strong>Rio Formoso<\/strong>, na Zona da Mata Sul, aconteceu um duplo homic\u00eddio. Pai e filho foram assassinados a tiros na PE-60. O blogueiro \u00c1quila Bruno Silva, 36 anos, e o filho, de 11, estavam em um ve\u00edculo estacionado em frente a um supermercado quando foram surpreendidos com a chegada de um desconhecido que atirou contra as v\u00edtimas.<\/p>\n<p style=\"text-align: justify;\">Em\u00a0<strong>Bonito<\/strong>, um homem foi assassinado no S\u00edtio Liberdade. Cremilson Amaro da Silva tinha 45 anos. Ele foi morto com um tiro de grosso calibre na cabe\u00e7a.<\/p>\n<p style=\"text-align: justify;\">Em\u00a0<strong>Caruaru<\/strong>, foram registrados um homic\u00eddio, tentativa de assassinato e tentativa de duplo homic\u00eddio. No bairro Divin\u00f3polis, Cleferson Fernando dos Santos, 19 anos, foi morto a tiros. Dois homens encapuzados cometeram o crime.<\/p>\n<p style=\"text-align: justify;\">No bairro do Salgado, uma mulher de 43 anos foi baleada e socorrida para o Hospital Regional do Agreste (HRA). Na Vila Rafael, zona rural do munic\u00edpio, dois jovens foram baleados e socorridos.<\/p>\n<p>Fonte: R\u00e1dio Liberdade.<\/p>\n","protected":false},"excerpt":{"rendered":"<p>Trinta e uma pessoas foram assassinadas no fim de semana em Pernambuco. Em agosto, s\u00e3o\u00a090\u00a0homic\u00eddios no Estado e de janeiro&hellip;<\/p>\n","protected":false},"author":1,"featured_media":59952,"comment_status":"open","ping_status":"open","sticky":false,"template":"","format":"standard","meta":{"footnotes":""},"categories":[14121],"tags":[2,19163,19177],"class_list":["post-59951","post","type-post","status-publish","format-standard","has-post-thumbnail","hentry","category-policial","tag-blog-do-edvaldo-magalhaes","tag-homicidio-2","tag-registrados-31-homicidios-no-fim-de-semana-em-pe-chacina-ocorreu-em-ipojuca"],"_links":{"self":[{"href":"https:\/\/blogdoedvaldomagalhaes.com.br\/index.php\/wp-json\/wp\/v2\/posts\/59951","targetHints":{"allow":["GET"]}}],"collection":[{"href":"https:\/\/blogdoedvaldomagalhaes.com.br\/index.php\/wp-json\/wp\/v2\/posts"}],"about":[{"href":"https:\/\/blogdoedvaldomagalhaes.com.br\/index.php\/wp-json\/wp\/v2\/types\/post"}],"author":[{"embeddable":true,"href":"https:\/\/blogdoedvaldomagalhaes.com.br\/index.php\/wp-json\/wp\/v2\/users\/1"}],"replies":[{"embeddable":true,"href":"https:\/\/blogdoedvaldomagalhaes.com.br\/index.php\/wp-json\/wp\/v2\/comments?post=59951"}],"version-history":[{"count":1,"href":"https:\/\/blogdoedvaldomagalhaes.com.br\/index.php\/wp-json\/wp\/v2\/posts\/59951\/revisions"}],"predecessor-version":[{"id":59953,"href":"https:\/\/blogdoedvaldomagalhaes.com.br\/index.php\/wp-json\/wp\/v2\/posts\/59951\/revisions\/59953"}],"wp:featuredmedia":[{"embeddable":true,"href":"https:\/\/blogdoedvaldomagalhaes.com.br\/index.php\/wp-json\/wp\/v2\/media\/59952"}],"wp:attachment":[{"href":"https:\/\/blogdoedvaldomagalhaes.com.br\/index.php\/wp-json\/wp\/v2\/media?parent=59951"}],"wp:term":[{"taxonomy":"category","embeddable":true,"href":"https:\/\/blogdoedvaldomagalhaes.com.br\/index.php\/wp-json\/wp\/v2\/categories?post=59951"},{"taxonomy":"post_tag","embeddable":true,"href":"https:\/\/blogdoedvaldomagalhaes.com.br\/index.php\/wp-json\/wp\/v2\/tags?post=59951"}],"curies":[{"name":"wp","href":"https:\/\/api.w.org\/{rel}","templated":true}]}}