{"id":59940,"date":"2020-08-09T19:05:46","date_gmt":"2020-08-09T22:05:46","guid":{"rendered":"https:\/\/blogdoedvaldomagalhaes.com.br\/?p=59940"},"modified":"2020-08-09T19:48:45","modified_gmt":"2020-08-09T22:48:45","slug":"secretaria-de-saude-de-caruaru-divulga-mais-13-casos-de-covid-19-e-mais-2-obitos","status":"publish","type":"post","link":"https:\/\/blogdoedvaldomagalhaes.com.br\/index.php\/2020\/08\/09\/secretaria-de-saude-de-caruaru-divulga-mais-13-casos-de-covid-19-e-mais-2-obitos\/","title":{"rendered":"Secretaria de Sa\u00fade de Caruaru divulga mais 13 casos de Covid-19 e mais 2 \u00f3bitos"},"content":{"rendered":"<p style=\"text-align: justify;\">A Secretaria de Sa\u00fade de Caruaru registrou 13 casos de covid-19 em 24 horas, incluindo dois \u00f3bitos. De acordo com boletim divulgado na noite deste domingo (09), as mortes foram de dois homens com 73 e 84 anos e ocorreram no per\u00edodo de 30 de julho a 5 de agosto. As v\u00edtimas tinham comorbidades.<\/p>\n<p style=\"text-align: justify;\">Do in\u00edcio da pandemia at\u00e9 agora, Caruaru soma 5.231 casos confirmados do novo coronav\u00edrus e 256 \u00f3bitos. Est\u00e3o em investiga\u00e7\u00e3o 3 mortes e 547 casos. Ainda de acordo com a Secretaria de Sa\u00fade, foram descartados 7.592 casos e 4.809 pacientes j\u00e1 foram recuperados da covid-19.<\/p>\n<p style=\"text-align: justify;\"><strong>Foto: Aen\/Divulga\u00e7\u00e3o<\/strong><\/p>\n\n\n<figure class=\"wp-block-image size-large\"><img loading=\"lazy\" decoding=\"async\" width=\"1024\" height=\"1024\" src=\"https:\/\/blogdoedvaldomagalhaes.com.br\/wp-content\/uploads\/2020\/08\/IMG-20200809-WA0185-1024x1024.jpg\" alt=\"\" class=\"wp-image-59942\" srcset=\"https:\/\/blogdoedvaldomagalhaes.com.br\/wp-content\/uploads\/2020\/08\/IMG-20200809-WA0185-1024x1024.jpg 1024w, https:\/\/blogdoedvaldomagalhaes.com.br\/wp-content\/uploads\/2020\/08\/IMG-20200809-WA0185-300x300.jpg 300w, https:\/\/blogdoedvaldomagalhaes.com.br\/wp-content\/uploads\/2020\/08\/IMG-20200809-WA0185-150x150.jpg 150w, https:\/\/blogdoedvaldomagalhaes.com.br\/wp-content\/uploads\/2020\/08\/IMG-20200809-WA0185-768x768.jpg 768w, https:\/\/blogdoedvaldomagalhaes.com.br\/wp-content\/uploads\/2020\/08\/IMG-20200809-WA0185.jpg 1280w\" sizes=\"auto, (max-width: 1024px) 100vw, 1024px\" \/><\/figure>\n","protected":false},"excerpt":{"rendered":"<p>A Secretaria de Sa\u00fade de Caruaru registrou 13 casos de covid-19 em 24 horas, incluindo dois \u00f3bitos. De acordo com&hellip;<\/p>\n","protected":false},"author":1,"featured_media":59941,"comment_status":"open","ping_status":"open","sticky":false,"template":"","format":"standard","meta":{"footnotes":""},"categories":[14120],"tags":[2,16881,17948,19176],"class_list":["post-59940","post","type-post","status-publish","format-standard","has-post-thumbnail","hentry","category-noticias","tag-blog-do-edvaldo-magalhaes","tag-caruaru-e-regiao","tag-coronavirus-2","tag-secretaria-de-saude-de-caruaru-divulga-mais-13-casos-de-covid-19-e-mais-2-obitos"],"_links":{"self":[{"href":"https:\/\/blogdoedvaldomagalhaes.com.br\/index.php\/wp-json\/wp\/v2\/posts\/59940","targetHints":{"allow":["GET"]}}],"collection":[{"href":"https:\/\/blogdoedvaldomagalhaes.com.br\/index.php\/wp-json\/wp\/v2\/posts"}],"about":[{"href":"https:\/\/blogdoedvaldomagalhaes.com.br\/index.php\/wp-json\/wp\/v2\/types\/post"}],"author":[{"embeddable":true,"href":"https:\/\/blogdoedvaldomagalhaes.com.br\/index.php\/wp-json\/wp\/v2\/users\/1"}],"replies":[{"embeddable":true,"href":"https:\/\/blogdoedvaldomagalhaes.com.br\/index.php\/wp-json\/wp\/v2\/comments?post=59940"}],"version-history":[{"count":3,"href":"https:\/\/blogdoedvaldomagalhaes.com.br\/index.php\/wp-json\/wp\/v2\/posts\/59940\/revisions"}],"predecessor-version":[{"id":59946,"href":"https:\/\/blogdoedvaldomagalhaes.com.br\/index.php\/wp-json\/wp\/v2\/posts\/59940\/revisions\/59946"}],"wp:featuredmedia":[{"embeddable":true,"href":"https:\/\/blogdoedvaldomagalhaes.com.br\/index.php\/wp-json\/wp\/v2\/media\/59941"}],"wp:attachment":[{"href":"https:\/\/blogdoedvaldomagalhaes.com.br\/index.php\/wp-json\/wp\/v2\/media?parent=59940"}],"wp:term":[{"taxonomy":"category","embeddable":true,"href":"https:\/\/blogdoedvaldomagalhaes.com.br\/index.php\/wp-json\/wp\/v2\/categories?post=59940"},{"taxonomy":"post_tag","embeddable":true,"href":"https:\/\/blogdoedvaldomagalhaes.com.br\/index.php\/wp-json\/wp\/v2\/tags?post=59940"}],"curies":[{"name":"wp","href":"https:\/\/api.w.org\/{rel}","templated":true}]}}