{"id":59933,"date":"2020-08-09T18:51:06","date_gmt":"2020-08-09T21:51:06","guid":{"rendered":"https:\/\/blogdoedvaldomagalhaes.com.br\/?p=59933"},"modified":"2020-08-09T18:51:10","modified_gmt":"2020-08-09T21:51:10","slug":"prefeitura-de-caruaru-poe-em-pratica-plano-de-operacionalizacao-da-feira-da-sulanca","status":"publish","type":"post","link":"https:\/\/blogdoedvaldomagalhaes.com.br\/index.php\/2020\/08\/09\/prefeitura-de-caruaru-poe-em-pratica-plano-de-operacionalizacao-da-feira-da-sulanca\/","title":{"rendered":"Prefeitura de Caruaru p\u00f5e em pr\u00e1tica Plano de Operacionaliza\u00e7\u00e3o da Feira da Sulanca"},"content":{"rendered":"<p style=\"text-align: justify;\"><span style=\"font-size: inherit;\">O Parque 18 de Maio recebeu uma estrutura cuidadosamente estudada para atender \u00e0s necessidades de combate e preven\u00e7\u00e3o a Covid-19 na retomada da Feira da Sulanca, nesta segunda-feira (10). As equipes das secretarias de Servi\u00e7os P\u00fablicos, Ordem P\u00fablica, Sa\u00fade e a Autarquia Municipal de Defesa Social, Tr\u00e2nsito e Transportes (Destra) estiveram no local para preparar a opera\u00e7\u00e3o e assim iniciar o Plano de Operacionaliza\u00e7\u00e3o preparado para a retomada das atividades.<\/span><\/p>\n<p style=\"text-align: justify;\">&#8220;J\u00e1 estamos com nossas equipes nas ruas, em um trabalho integrado, reunindo v\u00e1rios \u00f3rg\u00e3os da prefeitura, a fim de garantir que o plano seja executado da melhor forma poss\u00edvel. Refor\u00e7amos que a colabora\u00e7\u00e3o de todos \u00e9 fundamental nessa retomada. Por isso, o uso de m\u00e1scaras, \u00e1lcool em gel e evitar aglomera\u00e7\u00f5es deve ser de respeitado&#8221;, pontua o secret\u00e1rio de Servi\u00e7os P\u00fablicos, Ytalo Farias.<\/p>\n\n\n<figure class=\"wp-block-image size-large\"><img loading=\"lazy\" decoding=\"async\" width=\"1024\" height=\"682\" src=\"https:\/\/blogdoedvaldomagalhaes.com.br\/wp-content\/uploads\/2020\/08\/IMG-20200809-WA0182-1024x682.jpg\" alt=\"\" class=\"wp-image-59935\" srcset=\"https:\/\/blogdoedvaldomagalhaes.com.br\/wp-content\/uploads\/2020\/08\/IMG-20200809-WA0182-1024x682.jpg 1024w, https:\/\/blogdoedvaldomagalhaes.com.br\/wp-content\/uploads\/2020\/08\/IMG-20200809-WA0182-300x200.jpg 300w, https:\/\/blogdoedvaldomagalhaes.com.br\/wp-content\/uploads\/2020\/08\/IMG-20200809-WA0182-768x512.jpg 768w, https:\/\/blogdoedvaldomagalhaes.com.br\/wp-content\/uploads\/2020\/08\/IMG-20200809-WA0182.jpg 1280w\" sizes=\"auto, (max-width: 1024px) 100vw, 1024px\" \/><\/figure>\n\n\n\n<figure class=\"wp-block-image size-large\"><img loading=\"lazy\" decoding=\"async\" width=\"1024\" height=\"682\" src=\"https:\/\/blogdoedvaldomagalhaes.com.br\/wp-content\/uploads\/2020\/08\/IMG-20200809-WA0180-1024x682.jpg\" alt=\"\" class=\"wp-image-59936\" srcset=\"https:\/\/blogdoedvaldomagalhaes.com.br\/wp-content\/uploads\/2020\/08\/IMG-20200809-WA0180-1024x682.jpg 1024w, https:\/\/blogdoedvaldomagalhaes.com.br\/wp-content\/uploads\/2020\/08\/IMG-20200809-WA0180-300x200.jpg 300w, https:\/\/blogdoedvaldomagalhaes.com.br\/wp-content\/uploads\/2020\/08\/IMG-20200809-WA0180-768x512.jpg 768w, https:\/\/blogdoedvaldomagalhaes.com.br\/wp-content\/uploads\/2020\/08\/IMG-20200809-WA0180.jpg 1280w\" sizes=\"auto, (max-width: 1024px) 100vw, 1024px\" \/><\/figure>\n\n\n\n<figure class=\"wp-block-image size-large\"><img loading=\"lazy\" decoding=\"async\" width=\"1024\" height=\"682\" src=\"https:\/\/blogdoedvaldomagalhaes.com.br\/wp-content\/uploads\/2020\/08\/IMG-20200809-WA0179-1024x682.jpg\" alt=\"\" class=\"wp-image-59937\" srcset=\"https:\/\/blogdoedvaldomagalhaes.com.br\/wp-content\/uploads\/2020\/08\/IMG-20200809-WA0179-1024x682.jpg 1024w, https:\/\/blogdoedvaldomagalhaes.com.br\/wp-content\/uploads\/2020\/08\/IMG-20200809-WA0179-300x200.jpg 300w, https:\/\/blogdoedvaldomagalhaes.com.br\/wp-content\/uploads\/2020\/08\/IMG-20200809-WA0179-768x512.jpg 768w, https:\/\/blogdoedvaldomagalhaes.com.br\/wp-content\/uploads\/2020\/08\/IMG-20200809-WA0179.jpg 1280w\" sizes=\"auto, (max-width: 1024px) 100vw, 1024px\" \/><\/figure>\n\n\n\n<figure class=\"wp-block-image size-large\"><img loading=\"lazy\" decoding=\"async\" width=\"682\" height=\"1024\" src=\"https:\/\/blogdoedvaldomagalhaes.com.br\/wp-content\/uploads\/2020\/08\/IMG-20200809-WA0178-682x1024.jpg\" alt=\"\" class=\"wp-image-59938\" srcset=\"https:\/\/blogdoedvaldomagalhaes.com.br\/wp-content\/uploads\/2020\/08\/IMG-20200809-WA0178-682x1024.jpg 682w, https:\/\/blogdoedvaldomagalhaes.com.br\/wp-content\/uploads\/2020\/08\/IMG-20200809-WA0178-200x300.jpg 200w, https:\/\/blogdoedvaldomagalhaes.com.br\/wp-content\/uploads\/2020\/08\/IMG-20200809-WA0178-768x1152.jpg 768w, https:\/\/blogdoedvaldomagalhaes.com.br\/wp-content\/uploads\/2020\/08\/IMG-20200809-WA0178.jpg 853w\" sizes=\"auto, (max-width: 682px) 100vw, 682px\" \/><figcaption>Fotos: Jorge Farias<\/figcaption><\/figure>\n","protected":false},"excerpt":{"rendered":"<p>O Parque 18 de Maio recebeu uma estrutura cuidadosamente estudada para atender \u00e0s necessidades de combate e preven\u00e7\u00e3o a Covid-19&hellip;<\/p>\n","protected":false},"author":1,"featured_media":59934,"comment_status":"open","ping_status":"open","sticky":false,"template":"","format":"standard","meta":{"footnotes":""},"categories":[14120],"tags":[2,16881,17948,19175],"class_list":["post-59933","post","type-post","status-publish","format-standard","has-post-thumbnail","hentry","category-noticias","tag-blog-do-edvaldo-magalhaes","tag-caruaru-e-regiao","tag-coronavirus-2","tag-prefeitura-de-caruaru-poe-em-pratica-plano-de-operacionalizacao-da-feira-da-sulanca"],"_links":{"self":[{"href":"https:\/\/blogdoedvaldomagalhaes.com.br\/index.php\/wp-json\/wp\/v2\/posts\/59933","targetHints":{"allow":["GET"]}}],"collection":[{"href":"https:\/\/blogdoedvaldomagalhaes.com.br\/index.php\/wp-json\/wp\/v2\/posts"}],"about":[{"href":"https:\/\/blogdoedvaldomagalhaes.com.br\/index.php\/wp-json\/wp\/v2\/types\/post"}],"author":[{"embeddable":true,"href":"https:\/\/blogdoedvaldomagalhaes.com.br\/index.php\/wp-json\/wp\/v2\/users\/1"}],"replies":[{"embeddable":true,"href":"https:\/\/blogdoedvaldomagalhaes.com.br\/index.php\/wp-json\/wp\/v2\/comments?post=59933"}],"version-history":[{"count":1,"href":"https:\/\/blogdoedvaldomagalhaes.com.br\/index.php\/wp-json\/wp\/v2\/posts\/59933\/revisions"}],"predecessor-version":[{"id":59939,"href":"https:\/\/blogdoedvaldomagalhaes.com.br\/index.php\/wp-json\/wp\/v2\/posts\/59933\/revisions\/59939"}],"wp:featuredmedia":[{"embeddable":true,"href":"https:\/\/blogdoedvaldomagalhaes.com.br\/index.php\/wp-json\/wp\/v2\/media\/59934"}],"wp:attachment":[{"href":"https:\/\/blogdoedvaldomagalhaes.com.br\/index.php\/wp-json\/wp\/v2\/media?parent=59933"}],"wp:term":[{"taxonomy":"category","embeddable":true,"href":"https:\/\/blogdoedvaldomagalhaes.com.br\/index.php\/wp-json\/wp\/v2\/categories?post=59933"},{"taxonomy":"post_tag","embeddable":true,"href":"https:\/\/blogdoedvaldomagalhaes.com.br\/index.php\/wp-json\/wp\/v2\/tags?post=59933"}],"curies":[{"name":"wp","href":"https:\/\/api.w.org\/{rel}","templated":true}]}}