{"id":59930,"date":"2020-08-09T18:30:30","date_gmt":"2020-08-09T21:30:30","guid":{"rendered":"https:\/\/blogdoedvaldomagalhaes.com.br\/?p=59930"},"modified":"2020-08-09T18:30:35","modified_gmt":"2020-08-09T21:30:35","slug":"pernambuco-registra-mais-2-563-pacientes-recuperados-de-covid-19","status":"publish","type":"post","link":"https:\/\/blogdoedvaldomagalhaes.com.br\/index.php\/2020\/08\/09\/pernambuco-registra-mais-2-563-pacientes-recuperados-de-covid-19\/","title":{"rendered":"Pernambuco registra mais 2.563 pacientes recuperados de Covid-19"},"content":{"rendered":"<p style=\"text-align: justify;\">A Secretaria de Sa\u00fade de Pernambuco, registrou neste domingo (09), mais 1.021 casos positivos de Covid-19. \u00c9 importante mais uma vez destacar que o aumento no n\u00famero de casos no informe de hoje \u00e9 motivado pelo atraso, e consequente ac\u00famulo de notifica\u00e7\u00f5es, pelos munic\u00edpios. Para se ter ideia, entre os confirmados hoje, apenas 49(4,8%) s\u00e3o casos de S\u00edndrome Respirat\u00f3ria Aguda Grave (SRAG). Todos os outros 972 (95,2%) s\u00e3o leves, ou seja, pacientes que n\u00e3o demandaram internamento hospitalar e que j\u00e1 estavam curados, ou na fase final da doen\u00e7a. Agora, Pernambuco totaliza 105.134 casos confirmados, sendo 24.207 graves e 80.927 leves. Al\u00e9m disso, o boletim registra um total de 82.665 pacientes recuperados da doen\u00e7a,o que representa 78,6% do total de infectados pela Covid-19no Estado. Destes, 13.484 eram pacientes graves, que necessitaram de internamento hospitalar, e 69.181 eram casos leves. Os casos graves confirmados da doen\u00e7a est\u00e3o distribu\u00eddos por 183 munic\u00edpios pernambucanos (tabela 2), al\u00e9m do arquip\u00e9lago de Fernando de Noronha e da ocorr\u00eancia de pacientes e outros Estados e pa\u00edses. Tamb\u00e9m foram confirmados laboratorialmente 21 \u00f3bitos (sendo 10 do sexo masculino e11 do sexo feminino). Os novos \u00f3bitos confirmados s\u00e3o de pessoas residentes nos munic\u00edpios de Araripina (1), Bezerros (1), Camaragibe (1), Caruaru (2), Cumaru (1), Frei Miguelinho (1),Garanhuns (1), Goiana (2), Gravat\u00e1 (1), Jaboat\u00e3o dos Guararapes (1), Limoeiro (1), Olinda(1), Passira (1), Recife (1), S\u00e3o Caitano (1), S\u00e3o Louren\u00e7o (2), Sert\u00e2nia (1) e Timba\u00faba (1). Com isso, o Estado totaliza 6.941 mortes pela doen\u00e7a. As mortes registradas no boletim de hoje ocorreram entre 29 de maio e 08 de agosto. Do total de mortes do informe de hoje, 7 ocorreram nos \u00faltimos tr\u00eas dias (33,3%), sendo 5 mortes registradas no dia de ontem (s\u00e1bado, 08\/08) e 2 mortes em 07\/08. Os outros 14 (66,7%) \u00f3bitos ocorreram entre os dias 29\/05 e 05\/08. Os pacientes tinham idades entre 31 e 89anos. As faixas et\u00e1rias s\u00e3o: 30 a 39 (1), 50 a 59 (1), 60 a 69 (7), 70 a 79 (7), 80 anos ou mais (5). Dos 21 pacientes que vieram a \u00f3bito, 14 apresentavam comorbidades confirmadas: doen\u00e7a cardiovascular (11), diabetes (5), hipertens\u00e3o (3), tabagismo\/hist\u00f3rico de tabagismo (3), doen\u00e7a renal (3), obesidade (1), doen\u00e7a de Alzheimer (1), doen\u00e7a respirat\u00f3ria (1) e doen\u00e7a hep\u00e1tica (1) &#8211; um paciente pode ter mais de uma comorbidade. Os demais est\u00e3o em investiga\u00e7\u00e3o. Com rela\u00e7\u00e3o \u00e0 testagem dos profissionais de sa\u00fade com sintomas de gripe, em Pernambuco,at\u00e9 agora, 19.677 casos foram confirmados e 27.741 descartados.<\/p>\n<p>Foto: Jana\u00edna Pepeu.<\/p>\n","protected":false},"excerpt":{"rendered":"<p>A Secretaria de Sa\u00fade de Pernambuco, registrou neste domingo (09), mais 1.021 casos positivos de Covid-19. \u00c9 importante mais uma&hellip;<\/p>\n","protected":false},"author":1,"featured_media":59931,"comment_status":"open","ping_status":"open","sticky":false,"template":"","format":"standard","meta":{"footnotes":""},"categories":[14120],"tags":[2,17948,19174],"class_list":["post-59930","post","type-post","status-publish","format-standard","has-post-thumbnail","hentry","category-noticias","tag-blog-do-edvaldo-magalhaes","tag-coronavirus-2","tag-pernambuco-registra-mais-2-563-pacientes-recuperados-de-covid-19"],"_links":{"self":[{"href":"https:\/\/blogdoedvaldomagalhaes.com.br\/index.php\/wp-json\/wp\/v2\/posts\/59930","targetHints":{"allow":["GET"]}}],"collection":[{"href":"https:\/\/blogdoedvaldomagalhaes.com.br\/index.php\/wp-json\/wp\/v2\/posts"}],"about":[{"href":"https:\/\/blogdoedvaldomagalhaes.com.br\/index.php\/wp-json\/wp\/v2\/types\/post"}],"author":[{"embeddable":true,"href":"https:\/\/blogdoedvaldomagalhaes.com.br\/index.php\/wp-json\/wp\/v2\/users\/1"}],"replies":[{"embeddable":true,"href":"https:\/\/blogdoedvaldomagalhaes.com.br\/index.php\/wp-json\/wp\/v2\/comments?post=59930"}],"version-history":[{"count":1,"href":"https:\/\/blogdoedvaldomagalhaes.com.br\/index.php\/wp-json\/wp\/v2\/posts\/59930\/revisions"}],"predecessor-version":[{"id":59932,"href":"https:\/\/blogdoedvaldomagalhaes.com.br\/index.php\/wp-json\/wp\/v2\/posts\/59930\/revisions\/59932"}],"wp:featuredmedia":[{"embeddable":true,"href":"https:\/\/blogdoedvaldomagalhaes.com.br\/index.php\/wp-json\/wp\/v2\/media\/59931"}],"wp:attachment":[{"href":"https:\/\/blogdoedvaldomagalhaes.com.br\/index.php\/wp-json\/wp\/v2\/media?parent=59930"}],"wp:term":[{"taxonomy":"category","embeddable":true,"href":"https:\/\/blogdoedvaldomagalhaes.com.br\/index.php\/wp-json\/wp\/v2\/categories?post=59930"},{"taxonomy":"post_tag","embeddable":true,"href":"https:\/\/blogdoedvaldomagalhaes.com.br\/index.php\/wp-json\/wp\/v2\/tags?post=59930"}],"curies":[{"name":"wp","href":"https:\/\/api.w.org\/{rel}","templated":true}]}}