{"id":59923,"date":"2020-08-09T12:37:14","date_gmt":"2020-08-09T15:37:14","guid":{"rendered":"https:\/\/blogdoedvaldomagalhaes.com.br\/?p=59923"},"modified":"2020-08-09T12:41:23","modified_gmt":"2020-08-09T15:41:23","slug":"colisao-envolvendo-tres-veiculos-em-caruaru-neste-domingo-9","status":"publish","type":"post","link":"https:\/\/blogdoedvaldomagalhaes.com.br\/index.php\/2020\/08\/09\/colisao-envolvendo-tres-veiculos-em-caruaru-neste-domingo-9\/","title":{"rendered":"Colis\u00e3o envolvendo tr\u00eas ve\u00edculos em Caruaru neste domingo (9)"},"content":{"rendered":"<p style=\"text-align: justify;\">Na manh\u00e3 desta domingo (09), houve um acidente de tr\u00e2nsito no cruzamento da rua Bahia com a avenida Rui Barbosa, no bairro Divin\u00f3polis, em Caruaru, envolvendo tr\u00eas ve\u00edculos. De acordo com informa\u00e7\u00f5es de um dos motoristas, os ve\u00edculos Siena e Prisma passavam pela rua Bahia cruzando a avenida Rui Barbosa, quando o ve\u00edculo Parati que seguia sentido bairro Boa Vista\/Centro avan\u00e7ou o sem\u00e1foro e colidiu no Siena que colidiu no Prisma. Os motoristas n\u00e3o tiveram ferimentos graves, apenas danos materiais nos tr\u00eas ve\u00edculos.<\/p>\n\n\n<figure class=\"wp-block-image size-large\"><img loading=\"lazy\" decoding=\"async\" width=\"1024\" height=\"576\" src=\"https:\/\/blogdoedvaldomagalhaes.com.br\/wp-content\/uploads\/2020\/08\/IMG-20200809-WA0021-1024x576.jpg\" alt=\"\" class=\"wp-image-59926\" srcset=\"https:\/\/blogdoedvaldomagalhaes.com.br\/wp-content\/uploads\/2020\/08\/IMG-20200809-WA0021-1024x576.jpg 1024w, https:\/\/blogdoedvaldomagalhaes.com.br\/wp-content\/uploads\/2020\/08\/IMG-20200809-WA0021-300x169.jpg 300w, https:\/\/blogdoedvaldomagalhaes.com.br\/wp-content\/uploads\/2020\/08\/IMG-20200809-WA0021-768x432.jpg 768w, https:\/\/blogdoedvaldomagalhaes.com.br\/wp-content\/uploads\/2020\/08\/IMG-20200809-WA0021-1140x641.jpg 1140w, https:\/\/blogdoedvaldomagalhaes.com.br\/wp-content\/uploads\/2020\/08\/IMG-20200809-WA0021-720x405.jpg 720w, https:\/\/blogdoedvaldomagalhaes.com.br\/wp-content\/uploads\/2020\/08\/IMG-20200809-WA0021.jpg 1280w\" sizes=\"auto, (max-width: 1024px) 100vw, 1024px\" \/><figcaption>Fotos: Izaias Rodrigues<\/figcaption><\/figure>\n\n\n","protected":false},"excerpt":{"rendered":"<p>Na manh\u00e3 desta domingo (09), houve um acidente de tr\u00e2nsito no cruzamento da rua Bahia com a avenida Rui Barbosa,&hellip;<\/p>\n","protected":false},"author":1,"featured_media":59924,"comment_status":"open","ping_status":"open","sticky":false,"template":"","format":"standard","meta":{"footnotes":""},"categories":[14120],"tags":[2,16881,19173],"class_list":["post-59923","post","type-post","status-publish","format-standard","has-post-thumbnail","hentry","category-noticias","tag-blog-do-edvaldo-magalhaes","tag-caruaru-e-regiao","tag-colisao-envolvendo-tres-veiculos-em-caruaru-neste-domingo-9"],"_links":{"self":[{"href":"https:\/\/blogdoedvaldomagalhaes.com.br\/index.php\/wp-json\/wp\/v2\/posts\/59923","targetHints":{"allow":["GET"]}}],"collection":[{"href":"https:\/\/blogdoedvaldomagalhaes.com.br\/index.php\/wp-json\/wp\/v2\/posts"}],"about":[{"href":"https:\/\/blogdoedvaldomagalhaes.com.br\/index.php\/wp-json\/wp\/v2\/types\/post"}],"author":[{"embeddable":true,"href":"https:\/\/blogdoedvaldomagalhaes.com.br\/index.php\/wp-json\/wp\/v2\/users\/1"}],"replies":[{"embeddable":true,"href":"https:\/\/blogdoedvaldomagalhaes.com.br\/index.php\/wp-json\/wp\/v2\/comments?post=59923"}],"version-history":[{"count":3,"href":"https:\/\/blogdoedvaldomagalhaes.com.br\/index.php\/wp-json\/wp\/v2\/posts\/59923\/revisions"}],"predecessor-version":[{"id":59929,"href":"https:\/\/blogdoedvaldomagalhaes.com.br\/index.php\/wp-json\/wp\/v2\/posts\/59923\/revisions\/59929"}],"wp:featuredmedia":[{"embeddable":true,"href":"https:\/\/blogdoedvaldomagalhaes.com.br\/index.php\/wp-json\/wp\/v2\/media\/59924"}],"wp:attachment":[{"href":"https:\/\/blogdoedvaldomagalhaes.com.br\/index.php\/wp-json\/wp\/v2\/media?parent=59923"}],"wp:term":[{"taxonomy":"category","embeddable":true,"href":"https:\/\/blogdoedvaldomagalhaes.com.br\/index.php\/wp-json\/wp\/v2\/categories?post=59923"},{"taxonomy":"post_tag","embeddable":true,"href":"https:\/\/blogdoedvaldomagalhaes.com.br\/index.php\/wp-json\/wp\/v2\/tags?post=59923"}],"curies":[{"name":"wp","href":"https:\/\/api.w.org\/{rel}","templated":true}]}}