{"id":59917,"date":"2020-08-09T11:13:45","date_gmt":"2020-08-09T14:13:45","guid":{"rendered":"https:\/\/blogdoedvaldomagalhaes.com.br\/?p=59917"},"modified":"2020-08-09T19:52:37","modified_gmt":"2020-08-09T22:52:37","slug":"motorista-e-detido-na-br-232-apos-tentar-fugir-por-10-km-em-caruaru-o-carro-foi-no-rio-de-janeiro","status":"publish","type":"post","link":"https:\/\/blogdoedvaldomagalhaes.com.br\/index.php\/2020\/08\/09\/motorista-e-detido-na-br-232-apos-tentar-fugir-por-10-km-em-caruaru-o-carro-foi-no-rio-de-janeiro\/","title":{"rendered":"Motorista \u00e9 detido na BR 232 ap\u00f3s tentar fugir por 10 km em Caruaru; O carro foi roubado no Rio de Janeiro"},"content":{"rendered":"<p style=\"text-align: justify;\"><span style=\"font-size: inherit;\">Um homem de 29 anos que estava em um carro roubado de uma locadora foi detido pela Pol\u00edcia Rodovi\u00e1ria Federal (PRF), na madrugada deste domingo (08), na BR 232, em Caruaru, no Agreste de Pernambuco. O motorista portava uma por\u00e7\u00e3o de maconha e tentou fugir por 10 Km at\u00e9 ser alcan\u00e7ado.<\/span><\/p>\n<p style=\"text-align: justify;\">Durante uma fiscaliza\u00e7\u00e3o no posto da PRF de S\u00e3o Caetano, o Grupo de Patrulhamento T\u00e1tico tentou abordar o motorista de um carro, que desobedeceu e fugiu pela rodovia. Ao ser alcan\u00e7ado, a equipe descobriu que o ve\u00edculo havia sido roubado em mar\u00e7o de 2019 no Rio de Janeiro.<\/p>\n<p style=\"text-align: justify;\">Al\u00e9m da droga, o motorista portava R$601,00 e informou que trabalhava como motorista de aplicativo. Ele disse ainda que havia comprado o ve\u00edculo por R$12 mil em Olinda, no Grande Recife.<\/p>\n<p style=\"text-align: justify;\">O homem foi encaminhado junto com o carro e a maconha \u00e0 delegacia de Pol\u00edcia Civil de Belo Jardim. Ele dever\u00e1 responder por recepta\u00e7\u00e3o e porte de droga.<\/p>\n\n\n<figure class=\"wp-block-image size-large\"><img loading=\"lazy\" decoding=\"async\" width=\"1024\" height=\"768\" src=\"https:\/\/blogdoedvaldomagalhaes.com.br\/wp-content\/uploads\/2020\/08\/IMG-20200809-WA0060-1024x768.jpg\" alt=\"\" class=\"wp-image-59919\" srcset=\"https:\/\/blogdoedvaldomagalhaes.com.br\/wp-content\/uploads\/2020\/08\/IMG-20200809-WA0060-1024x768.jpg 1024w, https:\/\/blogdoedvaldomagalhaes.com.br\/wp-content\/uploads\/2020\/08\/IMG-20200809-WA0060-300x225.jpg 300w, https:\/\/blogdoedvaldomagalhaes.com.br\/wp-content\/uploads\/2020\/08\/IMG-20200809-WA0060-768x576.jpg 768w, https:\/\/blogdoedvaldomagalhaes.com.br\/wp-content\/uploads\/2020\/08\/IMG-20200809-WA0060-160x120.jpg 160w, https:\/\/blogdoedvaldomagalhaes.com.br\/wp-content\/uploads\/2020\/08\/IMG-20200809-WA0060.jpg 1280w\" sizes=\"auto, (max-width: 1024px) 100vw, 1024px\" \/><\/figure>\n\n\n\n<figure class=\"wp-block-image size-large\"><img loading=\"lazy\" decoding=\"async\" width=\"1024\" height=\"768\" src=\"https:\/\/blogdoedvaldomagalhaes.com.br\/wp-content\/uploads\/2020\/08\/IMG-20200809-WA0059-1024x768.jpg\" alt=\"\" class=\"wp-image-59920\" srcset=\"https:\/\/blogdoedvaldomagalhaes.com.br\/wp-content\/uploads\/2020\/08\/IMG-20200809-WA0059-1024x768.jpg 1024w, https:\/\/blogdoedvaldomagalhaes.com.br\/wp-content\/uploads\/2020\/08\/IMG-20200809-WA0059-300x225.jpg 300w, https:\/\/blogdoedvaldomagalhaes.com.br\/wp-content\/uploads\/2020\/08\/IMG-20200809-WA0059-768x576.jpg 768w, https:\/\/blogdoedvaldomagalhaes.com.br\/wp-content\/uploads\/2020\/08\/IMG-20200809-WA0059-1536x1153.jpg 1536w, https:\/\/blogdoedvaldomagalhaes.com.br\/wp-content\/uploads\/2020\/08\/IMG-20200809-WA0059-160x120.jpg 160w, https:\/\/blogdoedvaldomagalhaes.com.br\/wp-content\/uploads\/2020\/08\/IMG-20200809-WA0059.jpg 1599w\" sizes=\"auto, (max-width: 1024px) 100vw, 1024px\" \/><\/figure>\n\n\n\n<figure class=\"wp-block-image size-large\"><img loading=\"lazy\" decoding=\"async\" width=\"1024\" height=\"1024\" src=\"https:\/\/blogdoedvaldomagalhaes.com.br\/wp-content\/uploads\/2020\/08\/IMG-20200809-WA0063-1024x1024.jpg\" alt=\"\" class=\"wp-image-59921\" srcset=\"https:\/\/blogdoedvaldomagalhaes.com.br\/wp-content\/uploads\/2020\/08\/IMG-20200809-WA0063-1024x1024.jpg 1024w, https:\/\/blogdoedvaldomagalhaes.com.br\/wp-content\/uploads\/2020\/08\/IMG-20200809-WA0063-300x300.jpg 300w, https:\/\/blogdoedvaldomagalhaes.com.br\/wp-content\/uploads\/2020\/08\/IMG-20200809-WA0063-150x150.jpg 150w, https:\/\/blogdoedvaldomagalhaes.com.br\/wp-content\/uploads\/2020\/08\/IMG-20200809-WA0063-768x768.jpg 768w, https:\/\/blogdoedvaldomagalhaes.com.br\/wp-content\/uploads\/2020\/08\/IMG-20200809-WA0063.jpg 1280w\" sizes=\"auto, (max-width: 1024px) 100vw, 1024px\" \/><figcaption>Fotos: PRF\/Divulga\u00e7\u00e3o<\/figcaption><\/figure>\n","protected":false},"excerpt":{"rendered":"<p>Um homem de 29 anos que estava em um carro roubado de uma locadora foi detido pela Pol\u00edcia Rodovi\u00e1ria Federal&hellip;<\/p>\n","protected":false},"author":1,"featured_media":59918,"comment_status":"open","ping_status":"open","sticky":false,"template":"","format":"standard","meta":{"footnotes":""},"categories":[14121],"tags":[2,16881,19172,2278],"class_list":["post-59917","post","type-post","status-publish","format-standard","has-post-thumbnail","hentry","category-policial","tag-blog-do-edvaldo-magalhaes","tag-caruaru-e-regiao","tag-motorista-e-detido-na-br-232-apos-tentar-fugir-por-10-km-em-caruaru-o-carro-foi-no-rio-de-janeiro","tag-policia-rodoviaria-federal"],"_links":{"self":[{"href":"https:\/\/blogdoedvaldomagalhaes.com.br\/index.php\/wp-json\/wp\/v2\/posts\/59917","targetHints":{"allow":["GET"]}}],"collection":[{"href":"https:\/\/blogdoedvaldomagalhaes.com.br\/index.php\/wp-json\/wp\/v2\/posts"}],"about":[{"href":"https:\/\/blogdoedvaldomagalhaes.com.br\/index.php\/wp-json\/wp\/v2\/types\/post"}],"author":[{"embeddable":true,"href":"https:\/\/blogdoedvaldomagalhaes.com.br\/index.php\/wp-json\/wp\/v2\/users\/1"}],"replies":[{"embeddable":true,"href":"https:\/\/blogdoedvaldomagalhaes.com.br\/index.php\/wp-json\/wp\/v2\/comments?post=59917"}],"version-history":[{"count":2,"href":"https:\/\/blogdoedvaldomagalhaes.com.br\/index.php\/wp-json\/wp\/v2\/posts\/59917\/revisions"}],"predecessor-version":[{"id":59947,"href":"https:\/\/blogdoedvaldomagalhaes.com.br\/index.php\/wp-json\/wp\/v2\/posts\/59917\/revisions\/59947"}],"wp:featuredmedia":[{"embeddable":true,"href":"https:\/\/blogdoedvaldomagalhaes.com.br\/index.php\/wp-json\/wp\/v2\/media\/59918"}],"wp:attachment":[{"href":"https:\/\/blogdoedvaldomagalhaes.com.br\/index.php\/wp-json\/wp\/v2\/media?parent=59917"}],"wp:term":[{"taxonomy":"category","embeddable":true,"href":"https:\/\/blogdoedvaldomagalhaes.com.br\/index.php\/wp-json\/wp\/v2\/categories?post=59917"},{"taxonomy":"post_tag","embeddable":true,"href":"https:\/\/blogdoedvaldomagalhaes.com.br\/index.php\/wp-json\/wp\/v2\/tags?post=59917"}],"curies":[{"name":"wp","href":"https:\/\/api.w.org\/{rel}","templated":true}]}}