{"id":59914,"date":"2020-08-09T09:02:53","date_gmt":"2020-08-09T12:02:53","guid":{"rendered":"https:\/\/blogdoedvaldomagalhaes.com.br\/?p=59914"},"modified":"2020-08-09T21:08:37","modified_gmt":"2020-08-10T00:08:37","slug":"ladroes-explodem-agencia-bancaria-em-paudalho","status":"publish","type":"post","link":"https:\/\/blogdoedvaldomagalhaes.com.br\/index.php\/2020\/08\/09\/ladroes-explodem-agencia-bancaria-em-paudalho\/","title":{"rendered":"Ladr\u00f5es explodem ag\u00eancia banc\u00e1ria em Paudalho"},"content":{"rendered":"<p style=\"text-align: justify;\">A Pol\u00edcia Federal em Pernambuco tendo em vista a investida de bandidos que explodiram terminais eletr\u00f4nicos da Caixa Econ\u00f4mica Federal de Paudalho\/PE na madrugada dia 09\/08\/2020 por volta das 0:30h que fica situada na Rua Conselheiro Jo\u00e3o Alfredo, n\u00ba 05 \u2013 centro \u2013 Paudalho\/PE, distante 50 km de Recife\/PE, INFORMA O SEGUINTE: a investida desde a chegada dos suspeitos at\u00e9 a consuma\u00e7\u00e3o da explos\u00e3o durou cerca de 10 (dez) minutos e contou com a participa\u00e7\u00e3o direta de pelo menos 05 (cinco) assaltantes (ainda sem identifica\u00e7\u00e3o) que estavam em tr\u00eas ve\u00edculos.<\/p>\n<p style=\"text-align: justify;\">Na a\u00e7\u00e3o os bandidos fortemente armados com pistolas, rev\u00f3lveres e fuzil, quebraram a porta de vidro com barras de ferro e depois se dirigiram at\u00e9 02 (dois) terminais eletr\u00f4nicos, danificaram sua parte frontal que libera as notas e colocaram um artefato explosivo, provocando uma explos\u00e3o de grandes propor\u00e7\u00f5es danificando o teto e parte do interior da ag\u00eancia. Tamb\u00e9m fizeram um ref\u00e9m do lado de fora da ag\u00eancia que estava numa pra\u00e7a!<\/p>\n<p style=\"text-align: justify;\">Apenas um dia terminais dos seus existentes foram explodidos e ainda n\u00e3o se sabe se eles conseguiram levar o dinheiro existente no terminal. Ap\u00f3s a explos\u00e3o os suspeitos sa\u00edram da ag\u00eancia atirando para cima e fugiram tomando destino ignorado.<\/p>\n<p style=\"text-align: justify;\">A Pol\u00edcia Militar foi acionada e se dirigiu para o local minutos depois, fez algumas incurs\u00f5es com vistas a capturar os suspeitos, por\u00e9m, n\u00e3o logrou \u00eaxito em suas pris\u00f5es.<\/p>\n<p style=\"text-align: justify;\">Ao tomar conhecimento dos fatos a Pol\u00edcia Federal deslocou uma equipe para o local, no intuito de realizar as primeiras investiga\u00e7\u00f5es e per\u00edcias, (os criminosos estavam com o rosto encoberto) testemunhas foram ouvidas afim de que possam subsidiar as investiga\u00e7\u00f5es que est\u00e3o em andamento e inqu\u00e9rito policial ser\u00e1 instaurado. As investiga\u00e7\u00f5es v\u00e3o prosseguir, no sentido de identificar, localizar e prender todos os integrantes desta quadrilha de criminosos que empreenderam fuga. Qualquer informa\u00e7\u00e3o que possa levar a captura e identifica\u00e7\u00e3o de toda a quadrilha pode ser feita atrav\u00e9s do disk-den\u00fancia pelo n\u00famero 3421-9595 que ter\u00e1 sua identifica\u00e7\u00e3o, sigilo e anonimato preservados. As investiga\u00e7\u00f5es ficar\u00e3o a cargo da Pol\u00edcia Federal.<\/p>\n<p style=\"text-align: justify;\">A ag\u00eancia atende aos requisitos de seguran\u00e7a possuindo porta detectora de metais, c\u00e2meras de circuito interno, aparelho de retardo no cofre que s\u00f3 abre em hor\u00e1rio pr\u00e9-programado, vigilantes e anteparo blindado!<\/p>\n\n\n<figure class=\"wp-block-image size-large\"><img loading=\"lazy\" decoding=\"async\" width=\"1024\" height=\"498\" src=\"https:\/\/blogdoedvaldomagalhaes.com.br\/wp-content\/uploads\/2020\/08\/IMG-20200809-WA0218-1024x498.jpg\" alt=\"\" class=\"wp-image-59948\" srcset=\"https:\/\/blogdoedvaldomagalhaes.com.br\/wp-content\/uploads\/2020\/08\/IMG-20200809-WA0218-1024x498.jpg 1024w, https:\/\/blogdoedvaldomagalhaes.com.br\/wp-content\/uploads\/2020\/08\/IMG-20200809-WA0218-300x146.jpg 300w, https:\/\/blogdoedvaldomagalhaes.com.br\/wp-content\/uploads\/2020\/08\/IMG-20200809-WA0218-768x373.jpg 768w, https:\/\/blogdoedvaldomagalhaes.com.br\/wp-content\/uploads\/2020\/08\/IMG-20200809-WA0218.jpg 1280w\" sizes=\"auto, (max-width: 1024px) 100vw, 1024px\" \/><\/figure>\n\n\n\n<figure class=\"wp-block-image size-large\"><img loading=\"lazy\" decoding=\"async\" width=\"1024\" height=\"498\" src=\"https:\/\/blogdoedvaldomagalhaes.com.br\/wp-content\/uploads\/2020\/08\/IMG-20200809-WA0217-1024x498.jpg\" alt=\"\" class=\"wp-image-59949\" srcset=\"https:\/\/blogdoedvaldomagalhaes.com.br\/wp-content\/uploads\/2020\/08\/IMG-20200809-WA0217-1024x498.jpg 1024w, https:\/\/blogdoedvaldomagalhaes.com.br\/wp-content\/uploads\/2020\/08\/IMG-20200809-WA0217-300x146.jpg 300w, https:\/\/blogdoedvaldomagalhaes.com.br\/wp-content\/uploads\/2020\/08\/IMG-20200809-WA0217-768x373.jpg 768w, https:\/\/blogdoedvaldomagalhaes.com.br\/wp-content\/uploads\/2020\/08\/IMG-20200809-WA0217.jpg 1280w\" sizes=\"auto, (max-width: 1024px) 100vw, 1024px\" \/><figcaption>Fotos: Pol\u00edcia Federal\/Divulga\u00e7\u00e3o <\/figcaption><\/figure>\n","protected":false},"excerpt":{"rendered":"<p>A Pol\u00edcia Federal em Pernambuco tendo em vista a investida de bandidos que explodiram terminais eletr\u00f4nicos da Caixa Econ\u00f4mica Federal&hellip;<\/p>\n","protected":false},"author":1,"featured_media":59915,"comment_status":"open","ping_status":"open","sticky":false,"template":"","format":"standard","meta":{"footnotes":""},"categories":[14121],"tags":[2,19171,1479],"class_list":["post-59914","post","type-post","status-publish","format-standard","has-post-thumbnail","hentry","category-policial","tag-blog-do-edvaldo-magalhaes","tag-ladroes-explodem-agencia-bancaria-em-paudalho","tag-noticias-policiais"],"_links":{"self":[{"href":"https:\/\/blogdoedvaldomagalhaes.com.br\/index.php\/wp-json\/wp\/v2\/posts\/59914","targetHints":{"allow":["GET"]}}],"collection":[{"href":"https:\/\/blogdoedvaldomagalhaes.com.br\/index.php\/wp-json\/wp\/v2\/posts"}],"about":[{"href":"https:\/\/blogdoedvaldomagalhaes.com.br\/index.php\/wp-json\/wp\/v2\/types\/post"}],"author":[{"embeddable":true,"href":"https:\/\/blogdoedvaldomagalhaes.com.br\/index.php\/wp-json\/wp\/v2\/users\/1"}],"replies":[{"embeddable":true,"href":"https:\/\/blogdoedvaldomagalhaes.com.br\/index.php\/wp-json\/wp\/v2\/comments?post=59914"}],"version-history":[{"count":2,"href":"https:\/\/blogdoedvaldomagalhaes.com.br\/index.php\/wp-json\/wp\/v2\/posts\/59914\/revisions"}],"predecessor-version":[{"id":59950,"href":"https:\/\/blogdoedvaldomagalhaes.com.br\/index.php\/wp-json\/wp\/v2\/posts\/59914\/revisions\/59950"}],"wp:featuredmedia":[{"embeddable":true,"href":"https:\/\/blogdoedvaldomagalhaes.com.br\/index.php\/wp-json\/wp\/v2\/media\/59915"}],"wp:attachment":[{"href":"https:\/\/blogdoedvaldomagalhaes.com.br\/index.php\/wp-json\/wp\/v2\/media?parent=59914"}],"wp:term":[{"taxonomy":"category","embeddable":true,"href":"https:\/\/blogdoedvaldomagalhaes.com.br\/index.php\/wp-json\/wp\/v2\/categories?post=59914"},{"taxonomy":"post_tag","embeddable":true,"href":"https:\/\/blogdoedvaldomagalhaes.com.br\/index.php\/wp-json\/wp\/v2\/tags?post=59914"}],"curies":[{"name":"wp","href":"https:\/\/api.w.org\/{rel}","templated":true}]}}