{"id":599,"date":"2018-11-27T17:34:00","date_gmt":"2018-11-27T19:34:00","guid":{"rendered":"http:\/\/blogdoedvaldomagalhaes.com.br\/index.php\/2018\/11\/27\/artilheiro-do-central-em-2018-retorna\/"},"modified":"2019-02-09T02:43:08","modified_gmt":"2019-02-09T04:43:08","slug":"artilheiro-do-central-em-2018-retorna","status":"publish","type":"post","link":"https:\/\/blogdoedvaldomagalhaes.com.br\/index.php\/2018\/11\/27\/artilheiro-do-central-em-2018-retorna\/","title":{"rendered":"Artilheiro do Central em 2018 retorna ao clube para a pr\u00f3xima temporada"},"content":{"rendered":"<div class=\"separator\" style=\"clear: both; text-align: center;\">\n<a href=\"https:\/\/2.bp.blogspot.com\/-BAii6OYgtp8\/W_1_rJW84cI\/AAAAAAAA-dw\/HpcjNiXiO0Yn8TwlwHYvj_wnCV-V12nZgCLcBGAs\/s1600\/central.jpg\" imageanchor=\"1\" style=\"margin-left: 1em; margin-right: 1em;\"><img loading=\"lazy\" decoding=\"async\" border=\"0\" data-original-height=\"554\" data-original-width=\"554\" height=\"640\" src=\"http:\/\/blogdoedvaldomagalhaes.com.br\/wp-content\/uploads\/2018\/11\/central.jpg\" width=\"640\" \/><\/a><\/div>\n<div style=\"text-align: justify;\">\n<\/div>\n<div style=\"text-align: justify;\">\nO atacante Leandro Costa est\u00e1 de volta ao Central, artilheiro na temporada com 10 gols, o atleta retorna empolgado para brigar pelo t\u00edtulo pernambucano e pelo acesso a S\u00e9rie C.<\/div>\n<div style=\"text-align: justify;\">\n<\/div>\n<div style=\"text-align: justify;\">\nLeandro, tem 33 anos e passagens por clubes como: Santa Cruz, Veloclube\/SP, Gama\/DF, Mar\u00edlia\/SP, Caxias\/RS, Marc\u00edlio Dias\/SC, Bangu\/RJ, Joinville\/SC, Boa Esporte\/MG e Bragantino\/SP.<\/div>\n","protected":false},"excerpt":{"rendered":"<p>O atacante Leandro Costa est\u00e1 de volta ao Central, artilheiro na temporada com 10 gols, o atleta retorna empolgado para&hellip;<\/p>\n","protected":false},"author":1,"featured_media":0,"comment_status":"open","ping_status":"open","sticky":false,"template":"","format":"standard","meta":{"footnotes":""},"categories":[1],"tags":[519,2,520,3,521,522,523,524,525,526],"class_list":["post-599","post","type-post","status-publish","format-standard","hentry","category-sem-categoria","tag-artilheiro-do-central-em-2018-retorna-ao-clube-para-a-proxima-temporada","tag-blog-do-edvaldo-magalhaes","tag-caxias-rs","tag-futebol","tag-gama-df","tag-leandro-costa","tag-marcilio-dias-sc","tag-marilia-sp","tag-santa-cruz","tag-veloclube-sp"],"_links":{"self":[{"href":"https:\/\/blogdoedvaldomagalhaes.com.br\/index.php\/wp-json\/wp\/v2\/posts\/599","targetHints":{"allow":["GET"]}}],"collection":[{"href":"https:\/\/blogdoedvaldomagalhaes.com.br\/index.php\/wp-json\/wp\/v2\/posts"}],"about":[{"href":"https:\/\/blogdoedvaldomagalhaes.com.br\/index.php\/wp-json\/wp\/v2\/types\/post"}],"author":[{"embeddable":true,"href":"https:\/\/blogdoedvaldomagalhaes.com.br\/index.php\/wp-json\/wp\/v2\/users\/1"}],"replies":[{"embeddable":true,"href":"https:\/\/blogdoedvaldomagalhaes.com.br\/index.php\/wp-json\/wp\/v2\/comments?post=599"}],"version-history":[{"count":1,"href":"https:\/\/blogdoedvaldomagalhaes.com.br\/index.php\/wp-json\/wp\/v2\/posts\/599\/revisions"}],"predecessor-version":[{"id":36220,"href":"https:\/\/blogdoedvaldomagalhaes.com.br\/index.php\/wp-json\/wp\/v2\/posts\/599\/revisions\/36220"}],"wp:attachment":[{"href":"https:\/\/blogdoedvaldomagalhaes.com.br\/index.php\/wp-json\/wp\/v2\/media?parent=599"}],"wp:term":[{"taxonomy":"category","embeddable":true,"href":"https:\/\/blogdoedvaldomagalhaes.com.br\/index.php\/wp-json\/wp\/v2\/categories?post=599"},{"taxonomy":"post_tag","embeddable":true,"href":"https:\/\/blogdoedvaldomagalhaes.com.br\/index.php\/wp-json\/wp\/v2\/tags?post=599"}],"curies":[{"name":"wp","href":"https:\/\/api.w.org\/{rel}","templated":true}]}}