{"id":59887,"date":"2020-08-07T23:02:08","date_gmt":"2020-08-08T02:02:08","guid":{"rendered":"https:\/\/blogdoedvaldomagalhaes.com.br\/?p=59887"},"modified":"2020-08-07T23:41:22","modified_gmt":"2020-08-08T02:41:22","slug":"jovem-de-19-anos-e-morto-a-tiros-em-caruaru","status":"publish","type":"post","link":"https:\/\/blogdoedvaldomagalhaes.com.br\/index.php\/2020\/08\/07\/jovem-de-19-anos-e-morto-a-tiros-em-caruaru\/","title":{"rendered":"Jovem de 19 anos \u00e9 morto a tiros em Caruaru"},"content":{"rendered":"<p style=\"text-align: justify;\">O homic\u00eddio ocorreu na noite desta sexta-feira (07), na 1\u00aa Travessa Jo\u00e3o Soares de Lira, bairro Divin\u00f3polis, em Caruaru. O ex-interno da Funase, Cleferson<span style=\"font-size: inherit;\"> Fernando dos Santos,\u00a0 de 19 anos, foi assassinado a tiros, por dois indiv\u00edduos encapuzados. Ainda n\u00e3o h\u00e1 informa\u00e7\u00e3o sobre autoria nem motiva\u00e7\u00e3o do homic\u00eddio. Cleferson teve passagem pela Funase, acusado de assaltos, mas, atualmente vendia presta\u00e7\u00e3o.<\/span><\/p>\n<p style=\"text-align: justify;\">A Pol\u00edcia Militar fez o isolamento do local e, ap\u00f3s a per\u00edcia, o corpo ser\u00e1 encaminhado para o Instituto de Medicina Legal (IML).<\/p>\n<p style=\"text-align: justify;\">Este foi o 1\u00b0 homic\u00eddio do m\u00eas de agosto, e o 81\u00b0 do ano de 2020, em Caruaru.<\/p>\n<p>Foto: Renan da Funer\u00e1ria.<\/p>\n\n\n<figure class=\"wp-block-image size-large\"><img loading=\"lazy\" decoding=\"async\" width=\"1024\" height=\"576\" src=\"https:\/\/blogdoedvaldomagalhaes.com.br\/wp-content\/uploads\/2020\/08\/IMG-20200807-WA0185-1024x576.jpg\" alt=\"\" class=\"wp-image-59891\" srcset=\"https:\/\/blogdoedvaldomagalhaes.com.br\/wp-content\/uploads\/2020\/08\/IMG-20200807-WA0185-1024x576.jpg 1024w, https:\/\/blogdoedvaldomagalhaes.com.br\/wp-content\/uploads\/2020\/08\/IMG-20200807-WA0185-300x169.jpg 300w, https:\/\/blogdoedvaldomagalhaes.com.br\/wp-content\/uploads\/2020\/08\/IMG-20200807-WA0185-768x432.jpg 768w, https:\/\/blogdoedvaldomagalhaes.com.br\/wp-content\/uploads\/2020\/08\/IMG-20200807-WA0185-720x405.jpg 720w, https:\/\/blogdoedvaldomagalhaes.com.br\/wp-content\/uploads\/2020\/08\/IMG-20200807-WA0185.jpg 1032w\" sizes=\"auto, (max-width: 1024px) 100vw, 1024px\" \/><\/figure>\n\n\n\n<figure class=\"wp-block-image size-large\"><img loading=\"lazy\" decoding=\"async\" width=\"1024\" height=\"812\" src=\"https:\/\/blogdoedvaldomagalhaes.com.br\/wp-content\/uploads\/2020\/08\/IMG-20200807-WA0186-1024x812.jpg\" alt=\"\" class=\"wp-image-59893\" srcset=\"https:\/\/blogdoedvaldomagalhaes.com.br\/wp-content\/uploads\/2020\/08\/IMG-20200807-WA0186-1024x812.jpg 1024w, https:\/\/blogdoedvaldomagalhaes.com.br\/wp-content\/uploads\/2020\/08\/IMG-20200807-WA0186-300x238.jpg 300w, https:\/\/blogdoedvaldomagalhaes.com.br\/wp-content\/uploads\/2020\/08\/IMG-20200807-WA0186-768x609.jpg 768w, https:\/\/blogdoedvaldomagalhaes.com.br\/wp-content\/uploads\/2020\/08\/IMG-20200807-WA0186.jpg 1280w\" sizes=\"auto, (max-width: 1024px) 100vw, 1024px\" \/><\/figure>\n","protected":false},"excerpt":{"rendered":"<p>O homic\u00eddio ocorreu na noite desta sexta-feira (07), na 1\u00aa Travessa Jo\u00e3o Soares de Lira, bairro Divin\u00f3polis, em Caruaru. O&hellip;<\/p>\n","protected":false},"author":1,"featured_media":59888,"comment_status":"open","ping_status":"open","sticky":false,"template":"","format":"standard","meta":{"footnotes":""},"categories":[14121],"tags":[2,19163,19162],"class_list":["post-59887","post","type-post","status-publish","format-standard","has-post-thumbnail","hentry","category-policial","tag-blog-do-edvaldo-magalhaes","tag-homicidio-2","tag-jovem-de-19-anos-e-morto-a-tiros-em-caruaru"],"_links":{"self":[{"href":"https:\/\/blogdoedvaldomagalhaes.com.br\/index.php\/wp-json\/wp\/v2\/posts\/59887","targetHints":{"allow":["GET"]}}],"collection":[{"href":"https:\/\/blogdoedvaldomagalhaes.com.br\/index.php\/wp-json\/wp\/v2\/posts"}],"about":[{"href":"https:\/\/blogdoedvaldomagalhaes.com.br\/index.php\/wp-json\/wp\/v2\/types\/post"}],"author":[{"embeddable":true,"href":"https:\/\/blogdoedvaldomagalhaes.com.br\/index.php\/wp-json\/wp\/v2\/users\/1"}],"replies":[{"embeddable":true,"href":"https:\/\/blogdoedvaldomagalhaes.com.br\/index.php\/wp-json\/wp\/v2\/comments?post=59887"}],"version-history":[{"count":7,"href":"https:\/\/blogdoedvaldomagalhaes.com.br\/index.php\/wp-json\/wp\/v2\/posts\/59887\/revisions"}],"predecessor-version":[{"id":59897,"href":"https:\/\/blogdoedvaldomagalhaes.com.br\/index.php\/wp-json\/wp\/v2\/posts\/59887\/revisions\/59897"}],"wp:featuredmedia":[{"embeddable":true,"href":"https:\/\/blogdoedvaldomagalhaes.com.br\/index.php\/wp-json\/wp\/v2\/media\/59888"}],"wp:attachment":[{"href":"https:\/\/blogdoedvaldomagalhaes.com.br\/index.php\/wp-json\/wp\/v2\/media?parent=59887"}],"wp:term":[{"taxonomy":"category","embeddable":true,"href":"https:\/\/blogdoedvaldomagalhaes.com.br\/index.php\/wp-json\/wp\/v2\/categories?post=59887"},{"taxonomy":"post_tag","embeddable":true,"href":"https:\/\/blogdoedvaldomagalhaes.com.br\/index.php\/wp-json\/wp\/v2\/tags?post=59887"}],"curies":[{"name":"wp","href":"https:\/\/api.w.org\/{rel}","templated":true}]}}