{"id":59883,"date":"2020-08-07T21:19:52","date_gmt":"2020-08-08T00:19:52","guid":{"rendered":"https:\/\/blogdoedvaldomagalhaes.com.br\/?p=59883"},"modified":"2020-08-07T21:20:35","modified_gmt":"2020-08-08T00:20:35","slug":"deputado-tony-gel-comemora-liberacao-da-feira-da-sulanca-de-caruaru","status":"publish","type":"post","link":"https:\/\/blogdoedvaldomagalhaes.com.br\/index.php\/2020\/08\/07\/deputado-tony-gel-comemora-liberacao-da-feira-da-sulanca-de-caruaru\/","title":{"rendered":"Deputado Tony Gel comemora libera\u00e7\u00e3o da Feira da Sulanca de Caruaru"},"content":{"rendered":"<p style=\"text-align: justify;\">O deputado estadual Tony Gel (MDB) est\u00e1 comemorando a decis\u00e3o do Governo do Estado, que liberou realiza\u00e7\u00e3o da Feira da Sulanca de Caruaru, com protocolos de seguran\u00e7a. O retorno ser\u00e1 segunda-feira (10)<\/p>\n<p style=\"text-align: justify;\">O parlamentar ressaltou que a feira \u00e9 fonte de renda para milhares de fam\u00edlias de Caruaru e regi\u00e3o, uma das molas propulsoras da economia. \u201cQuem nos acompanha pelas redes sociais sabe da nossa luta em defesa da retomada da Feira da Sulanca de Caruaru, onde defendi junto ao Governo do Estado e as autoridades sanit\u00e1rias, que a feira volte a funcionar de forma organizada e seguindo os protocolos de seguran\u00e7a\u201d, disse Tony Gel.<\/p>\n<p style=\"text-align: justify;\">O deputado falou tamb\u00e9m que \u00e9 importante que haja fiscaliza\u00e7\u00e3o no sentido de garantir sa\u00fade e seguran\u00e7a a todos que circulam na Feira da Sulanca de Caruaru e das cidades que integram o Polo de Confec\u00e7\u00f5es do Agreste.<\/p>\n","protected":false},"excerpt":{"rendered":"<p>O deputado estadual Tony Gel (MDB) est\u00e1 comemorando a decis\u00e3o do Governo do Estado, que liberou realiza\u00e7\u00e3o da Feira da&hellip;<\/p>\n","protected":false},"author":1,"featured_media":59884,"comment_status":"open","ping_status":"open","sticky":false,"template":"","format":"standard","meta":{"footnotes":""},"categories":[14122],"tags":[2,19161],"class_list":["post-59883","post","type-post","status-publish","format-standard","has-post-thumbnail","hentry","category-politica","tag-blog-do-edvaldo-magalhaes","tag-deputado-tony-gel-comemora-liberacao-da-feira-da-sulanca-de-caruaru"],"_links":{"self":[{"href":"https:\/\/blogdoedvaldomagalhaes.com.br\/index.php\/wp-json\/wp\/v2\/posts\/59883","targetHints":{"allow":["GET"]}}],"collection":[{"href":"https:\/\/blogdoedvaldomagalhaes.com.br\/index.php\/wp-json\/wp\/v2\/posts"}],"about":[{"href":"https:\/\/blogdoedvaldomagalhaes.com.br\/index.php\/wp-json\/wp\/v2\/types\/post"}],"author":[{"embeddable":true,"href":"https:\/\/blogdoedvaldomagalhaes.com.br\/index.php\/wp-json\/wp\/v2\/users\/1"}],"replies":[{"embeddable":true,"href":"https:\/\/blogdoedvaldomagalhaes.com.br\/index.php\/wp-json\/wp\/v2\/comments?post=59883"}],"version-history":[{"count":2,"href":"https:\/\/blogdoedvaldomagalhaes.com.br\/index.php\/wp-json\/wp\/v2\/posts\/59883\/revisions"}],"predecessor-version":[{"id":59886,"href":"https:\/\/blogdoedvaldomagalhaes.com.br\/index.php\/wp-json\/wp\/v2\/posts\/59883\/revisions\/59886"}],"wp:featuredmedia":[{"embeddable":true,"href":"https:\/\/blogdoedvaldomagalhaes.com.br\/index.php\/wp-json\/wp\/v2\/media\/59884"}],"wp:attachment":[{"href":"https:\/\/blogdoedvaldomagalhaes.com.br\/index.php\/wp-json\/wp\/v2\/media?parent=59883"}],"wp:term":[{"taxonomy":"category","embeddable":true,"href":"https:\/\/blogdoedvaldomagalhaes.com.br\/index.php\/wp-json\/wp\/v2\/categories?post=59883"},{"taxonomy":"post_tag","embeddable":true,"href":"https:\/\/blogdoedvaldomagalhaes.com.br\/index.php\/wp-json\/wp\/v2\/tags?post=59883"}],"curies":[{"name":"wp","href":"https:\/\/api.w.org\/{rel}","templated":true}]}}