{"id":59878,"date":"2020-08-07T20:23:24","date_gmt":"2020-08-07T23:23:24","guid":{"rendered":"https:\/\/blogdoedvaldomagalhaes.com.br\/?p=59878"},"modified":"2020-08-07T21:05:09","modified_gmt":"2020-08-08T00:05:09","slug":"beneficiarios-do-residencial-jardins-convidados-para-assinatura-do-contrato-habitacional","status":"publish","type":"post","link":"https:\/\/blogdoedvaldomagalhaes.com.br\/index.php\/2020\/08\/07\/beneficiarios-do-residencial-jardins-convidados-para-assinatura-do-contrato-habitacional\/","title":{"rendered":"Benefici\u00e1rios do Residencial Jardins convidados para assinatura do Contrato Habitacional"},"content":{"rendered":"<p style=\"text-align: justify;\"><span style=\"font-size: inherit;\">A Secretaria de Desenvolvimento Social e Direitos Humanos (SDSDH), convoca os candidatos a benefici\u00e1rios do Residencial Jardins para realizar a assinatura do Contrato Habitacional das unidades do empreendimento citado.<\/span><\/p>\n<p style=\"text-align: justify;\">Para assinar a documenta\u00e7\u00e3o \u00e9 necess\u00e1rio o comparecimento no Espa\u00e7o Cultural Tancredo Neves &#8211; Pra\u00e7a Coronel Jos\u00e9 de Vasconcelos, 100 &#8211; Centro. (Funda\u00e7\u00e3o de Cultura), das 8h as 15h. O atendimento ser\u00e1 realizada por agendamento, seguindo a ordem dos blocos sorteados, conforme descri\u00e7\u00e3o abaixo:<br \/>\n\u25cf Ter\u00e7a-feira (11), ser\u00e3o atendidos todos os benefici\u00e1rios contemplados do bloco 01 ao bloco 10;<br \/>\n\u25cf Quarta-feira (12), o atendimento \u00e9 para todos os benefici\u00e1rios contemplados do bloco 11 ao bloco 21;<br \/>\n\u25cfQuinta-feira (13), \u00e9 a vez dos benefici\u00e1rios contemplados do bloco 12 ao bloco 31.<\/p>\n<p style=\"text-align: justify;\">A Prefeitura tamb\u00e9m informa que o n\u00e3o comparecimento na data e hor\u00e1rio agendados gera a imediata exclus\u00e3o do candidato no Programa, sendo o mesmo substitu\u00eddo por outro inscrito no cadastro reserva.<\/p>\n<p>Foto: Jana\u00edna Pepeu.<\/p>\n","protected":false},"excerpt":{"rendered":"<p>A Secretaria de Desenvolvimento Social e Direitos Humanos (SDSDH), convoca os candidatos a benefici\u00e1rios do Residencial Jardins para realizar a&hellip;<\/p>\n","protected":false},"author":1,"featured_media":59879,"comment_status":"open","ping_status":"open","sticky":false,"template":"","format":"standard","meta":{"footnotes":""},"categories":[14120],"tags":[19159,2,16881],"class_list":["post-59878","post","type-post","status-publish","format-standard","has-post-thumbnail","hentry","category-noticias","tag-beneficiarios-do-residencial-jardins-convidados-para-assinatura-do-contrato-habitacional","tag-blog-do-edvaldo-magalhaes","tag-caruaru-e-regiao"],"_links":{"self":[{"href":"https:\/\/blogdoedvaldomagalhaes.com.br\/index.php\/wp-json\/wp\/v2\/posts\/59878","targetHints":{"allow":["GET"]}}],"collection":[{"href":"https:\/\/blogdoedvaldomagalhaes.com.br\/index.php\/wp-json\/wp\/v2\/posts"}],"about":[{"href":"https:\/\/blogdoedvaldomagalhaes.com.br\/index.php\/wp-json\/wp\/v2\/types\/post"}],"author":[{"embeddable":true,"href":"https:\/\/blogdoedvaldomagalhaes.com.br\/index.php\/wp-json\/wp\/v2\/users\/1"}],"replies":[{"embeddable":true,"href":"https:\/\/blogdoedvaldomagalhaes.com.br\/index.php\/wp-json\/wp\/v2\/comments?post=59878"}],"version-history":[{"count":2,"href":"https:\/\/blogdoedvaldomagalhaes.com.br\/index.php\/wp-json\/wp\/v2\/posts\/59878\/revisions"}],"predecessor-version":[{"id":59881,"href":"https:\/\/blogdoedvaldomagalhaes.com.br\/index.php\/wp-json\/wp\/v2\/posts\/59878\/revisions\/59881"}],"wp:featuredmedia":[{"embeddable":true,"href":"https:\/\/blogdoedvaldomagalhaes.com.br\/index.php\/wp-json\/wp\/v2\/media\/59879"}],"wp:attachment":[{"href":"https:\/\/blogdoedvaldomagalhaes.com.br\/index.php\/wp-json\/wp\/v2\/media?parent=59878"}],"wp:term":[{"taxonomy":"category","embeddable":true,"href":"https:\/\/blogdoedvaldomagalhaes.com.br\/index.php\/wp-json\/wp\/v2\/categories?post=59878"},{"taxonomy":"post_tag","embeddable":true,"href":"https:\/\/blogdoedvaldomagalhaes.com.br\/index.php\/wp-json\/wp\/v2\/tags?post=59878"}],"curies":[{"name":"wp","href":"https:\/\/api.w.org\/{rel}","templated":true}]}}