{"id":59870,"date":"2020-08-07T18:32:54","date_gmt":"2020-08-07T21:32:54","guid":{"rendered":"https:\/\/blogdoedvaldomagalhaes.com.br\/?p=59870"},"modified":"2020-08-07T18:34:37","modified_gmt":"2020-08-07T21:34:37","slug":"pai-e-preso-acusado-de-estuprar-tres-filhos-e-dois-netos-em-jaboatao-mae-seria-cumplice","status":"publish","type":"post","link":"https:\/\/blogdoedvaldomagalhaes.com.br\/index.php\/2020\/08\/07\/pai-e-preso-acusado-de-estuprar-tres-filhos-e-dois-netos-em-jaboatao-mae-seria-cumplice\/","title":{"rendered":"Pai \u00e9 preso acusado de estuprar tr\u00eas filhos e dois netos em Jaboat\u00e3o; m\u00e3e seria c\u00famplice"},"content":{"rendered":"<p style=\"text-align: justify;\">Um homem de 45 anos foi preso acusado de estuprar os tr\u00eas filhos e dois netos h\u00e1 pelo menos oito anos em Jaboat\u00e3o dos Guararapes na Regi\u00e3o Metropolitana do Recife. A esposa do homem, 44, m\u00e3e das v\u00edtimas abusadas, tamb\u00e9m foi presa acusada de encobrir os crimes cometidos pelo marido. Os detalhes da pris\u00e3o foram divulgados em entrevista coletiva de imprensa realizada na manh\u00e3 desta sexta-feira (7).<\/p>\n<p style=\"text-align: justify;\">A pol\u00edcia chegou at\u00e9 o suspeito ap\u00f3s duas filhas do casal irem at\u00e9 a 2\u00aa Delegacia de Pol\u00edcia de Crimes Contra a Crian\u00e7a e Atos Infracionais denunciar os abusos que estavam acontecendo com o irm\u00e3o, que \u00e9 portador de defici\u00eancia f\u00edsica. O homem tamb\u00e9m est\u00e1 sendo investigado por ter abusado de duas sobrinhas quando elas ainda eram crian\u00e7as.<\/p>\n<p style=\"text-align: justify;\">De acordo com a delegada Vilaneida Aguiar, entre as crian\u00e7as abusadas, h\u00e1 v\u00edtimas de apenas 2 e 4 anos de idade, adolescente com 15 anos e pessoas com mais de 18 anos que, desde a inf\u00e2ncia, vinham sofrendo os abusos.<\/p>\n<p style=\"text-align: justify;\">Ainda de acordo com a delegada, os suspeitos tentaram fugir, mas foram capturados pela pol\u00edcia. \u201cDiante da urg\u00eancia da situa\u00e7\u00e3o, acionamos os \u00f3rg\u00e3os competentes para efetuar a pris\u00e3o imediata dos acusados\u00a0que, quando souberam da den\u00fancia, fugiram da resid\u00eancia\u201d, declarou.<\/p>\n<p style=\"text-align: justify;\">Segundo os relatos das filhas, a m\u00e3e sempre soube dos abusos sexuais, mas mandava os filhos negarem, encobria e amea\u00e7ava os filhos dizendo que, se eles contassem para algu\u00e9m, o pai ia embora e eles ficariam sem comida.<\/p>\n<p style=\"text-align: justify;\">Os dois suspeitos continuar\u00e3o presos por estupro, estupro de vulner\u00e1vel, crime continuado e concurso material atrav\u00e9s do mandado de pris\u00e3o tempor\u00e1ria, at\u00e9 que sejam conclu\u00eddas as investiga\u00e7\u00f5es,\u00a0e o mandado seja convertido em pris\u00e3o preventiva. J\u00e1 as crian\u00e7as\u00a0ser\u00e3o encaminhadas para um acompanhamento psicol\u00f3gico especializado.<\/p>\n<p style=\"text-align: justify;\"><strong>Do Portal FolhaPE<\/strong><\/p>\n","protected":false},"excerpt":{"rendered":"<p>Um homem de 45 anos foi preso acusado de estuprar os tr\u00eas filhos e dois netos h\u00e1 pelo menos oito&hellip;<\/p>\n","protected":false},"author":1,"featured_media":59873,"comment_status":"open","ping_status":"open","sticky":false,"template":"","format":"standard","meta":{"footnotes":""},"categories":[14121],"tags":[2,16881,19157],"class_list":["post-59870","post","type-post","status-publish","format-standard","has-post-thumbnail","hentry","category-policial","tag-blog-do-edvaldo-magalhaes","tag-caruaru-e-regiao","tag-pai-e-preso-acusado-de-estuprar-tres-filhos-e-dois-netos-em-jaboatao-mae-seria-cumplice"],"_links":{"self":[{"href":"https:\/\/blogdoedvaldomagalhaes.com.br\/index.php\/wp-json\/wp\/v2\/posts\/59870","targetHints":{"allow":["GET"]}}],"collection":[{"href":"https:\/\/blogdoedvaldomagalhaes.com.br\/index.php\/wp-json\/wp\/v2\/posts"}],"about":[{"href":"https:\/\/blogdoedvaldomagalhaes.com.br\/index.php\/wp-json\/wp\/v2\/types\/post"}],"author":[{"embeddable":true,"href":"https:\/\/blogdoedvaldomagalhaes.com.br\/index.php\/wp-json\/wp\/v2\/users\/1"}],"replies":[{"embeddable":true,"href":"https:\/\/blogdoedvaldomagalhaes.com.br\/index.php\/wp-json\/wp\/v2\/comments?post=59870"}],"version-history":[{"count":2,"href":"https:\/\/blogdoedvaldomagalhaes.com.br\/index.php\/wp-json\/wp\/v2\/posts\/59870\/revisions"}],"predecessor-version":[{"id":59872,"href":"https:\/\/blogdoedvaldomagalhaes.com.br\/index.php\/wp-json\/wp\/v2\/posts\/59870\/revisions\/59872"}],"wp:featuredmedia":[{"embeddable":true,"href":"https:\/\/blogdoedvaldomagalhaes.com.br\/index.php\/wp-json\/wp\/v2\/media\/59873"}],"wp:attachment":[{"href":"https:\/\/blogdoedvaldomagalhaes.com.br\/index.php\/wp-json\/wp\/v2\/media?parent=59870"}],"wp:term":[{"taxonomy":"category","embeddable":true,"href":"https:\/\/blogdoedvaldomagalhaes.com.br\/index.php\/wp-json\/wp\/v2\/categories?post=59870"},{"taxonomy":"post_tag","embeddable":true,"href":"https:\/\/blogdoedvaldomagalhaes.com.br\/index.php\/wp-json\/wp\/v2\/tags?post=59870"}],"curies":[{"name":"wp","href":"https:\/\/api.w.org\/{rel}","templated":true}]}}