{"id":59865,"date":"2020-08-07T17:46:33","date_gmt":"2020-08-07T20:46:33","guid":{"rendered":"https:\/\/blogdoedvaldomagalhaes.com.br\/?p=59865"},"modified":"2020-08-07T17:46:39","modified_gmt":"2020-08-07T20:46:39","slug":"feira-da-sulanca-sera-retomada-nesta-segunda-feira-10-com-estrutura-especial","status":"publish","type":"post","link":"https:\/\/blogdoedvaldomagalhaes.com.br\/index.php\/2020\/08\/07\/feira-da-sulanca-sera-retomada-nesta-segunda-feira-10-com-estrutura-especial\/","title":{"rendered":"Feira da Sulanca ser\u00e1 retomada nesta segunda-feira (10) com estrutura especial"},"content":{"rendered":"<p style=\"text-align: justify;\"><span style=\"font-size: inherit;\">O t\u00e3o esperado retorno da Feira da Sulanca, em Caruaru, est\u00e1 marcado para a pr\u00f3xima segunda-feira (10). Para a retomada das atividades no Parque 18 de Maio, a Prefeitura de Caruaru vai colocar em pr\u00e1tica um esquema especial para garantir a seguran\u00e7a e a efetiva realiza\u00e7\u00e3o do Plano de A\u00e7\u00e3o e Operacionaliza\u00e7\u00e3o da Feira da Sulanca. Cerca de 300 profissionais estar\u00e3o em campo. Todos os detalhes da opera\u00e7\u00e3o foram alinhadas na manh\u00e3 desta sexta-feira (7), em uma reuni\u00e3o comandada pela Prefeita Raquel Lyra com todas as secretarias que estar\u00e3o atuando de forma integrada.<\/span><\/p>\n<p style=\"text-align: justify;\">Em campo, as equipes estar\u00e3o em atividade a partir da meia-noite da segunda-feira. Todas as estrat\u00e9gias que ser\u00e3o adotadas seguem recomenda\u00e7\u00f5es dos \u00f3rg\u00e3os de sa\u00fade e foram devidamente discutidas com representantes da Feira. \u201cA Prefeitura far\u00e1 uma for\u00e7a-tarefa para garantir a seguran\u00e7a dos comerciantes e frequentadores da feira. Mas \u00e9 importante destacar que esse trabalho de controle e preven\u00e7\u00e3o \u00e9 de responsabilidade de todos. O uso de m\u00e1scaras e \u00e1lcool em gel \u00e9 fundamental, e s\u00f3 devem ir ao Parque 18 de Maio quem de fato precisar. Ainda n\u00e3o \u00e9 o momento para relaxamento e nem de passeio\u201d, refor\u00e7a a Prefeita Raquel Lyra.<\/p>\n<p style=\"text-align: justify;\">Para a opera\u00e7\u00e3o, sete barreiras sanit\u00e1rias estar\u00e3o ativas no entorno do Parque, abordando os ve\u00edculos que seguem em dire\u00e7\u00e3o \u00e0 feira. \u201cEm cada ponto de bloqueio estaremos marcando presen\u00e7a, fazendo a aferi\u00e7\u00e3o da temperatura e distribuindo m\u00e1scaras e \u00e1lcool em gel. Tamb\u00e9m faremos o trabalho de orienta\u00e7\u00e3o e, nos casos suspeitos, o encaminhamento para as unidades de sa\u00fade no munic\u00edpio\u201d, explica a secret\u00e1ria de Ordem P\u00fablica, Karla Vieira.<\/p>\n<p style=\"text-align: justify;\">Em pontos estrat\u00e9gicas, como a da Brasilit, a secretaria de Servi\u00e7os P\u00fablicos far\u00e1 a interdi\u00e7\u00e3o com disciplinadores, concentrando os acessos em 10 port\u00f5es monitorados. \u201cNosso objetivo \u00e9 ter o m\u00e1ximo de controle nas principais entradas da feira. Ficaremos nos pontos com maior fluxo e circulando pelo Parque 18 de Maio para fiscalizar o cumprimento do plano pelos comerciantes e p\u00fablico presente\u201d, informa o secret\u00e1rio de Servi\u00e7os P\u00fablicos. \u201cTodos os \u00f4nibus tamb\u00e9m ser\u00e3o monitorados e precisar\u00e3o apresentar o guia de transporte de passageiros com identifica\u00e7\u00e3o e temperatura aferida de cada pessoa\u201d, acrescenta o secret\u00e1rio.<\/p>\n<p style=\"text-align: justify;\">Na \u00e1rea interna da feira, o p\u00fablico ter\u00e1 acesso a pontos com lavabos instalados para a higieniza\u00e7\u00e3o das m\u00e3os, acionados por pedais, al\u00e9m dos banheiros fixos encontrados no Parque. \u201cNunca \u00e9 demais refor\u00e7ar a necessidade de respeitar o distanciamento, n\u00e3o aglomerar, realizar as compras de forma r\u00e1pida e objetiva, higienizar as m\u00e3os sempre que poss\u00edvel e principalmente utilizar m\u00e1scara de prote\u00e7\u00e3o facial&#8221;, lembra Ytalo. O protocolo de abertura da Feira da Sulanca pode ser conferido no site da Prefeitura: https:\/\/caruaru.pe.gov.br\/planosulanca\/.<\/p>\n\n\n<figure class=\"wp-block-image size-large\"><img loading=\"lazy\" decoding=\"async\" width=\"1024\" height=\"682\" src=\"https:\/\/blogdoedvaldomagalhaes.com.br\/wp-content\/uploads\/2020\/08\/IMG-20200807-WA0086-1024x682.jpg\" alt=\"\" class=\"wp-image-59867\" srcset=\"https:\/\/blogdoedvaldomagalhaes.com.br\/wp-content\/uploads\/2020\/08\/IMG-20200807-WA0086-1024x682.jpg 1024w, https:\/\/blogdoedvaldomagalhaes.com.br\/wp-content\/uploads\/2020\/08\/IMG-20200807-WA0086-300x200.jpg 300w, https:\/\/blogdoedvaldomagalhaes.com.br\/wp-content\/uploads\/2020\/08\/IMG-20200807-WA0086-768x512.jpg 768w, https:\/\/blogdoedvaldomagalhaes.com.br\/wp-content\/uploads\/2020\/08\/IMG-20200807-WA0086.jpg 1280w\" sizes=\"auto, (max-width: 1024px) 100vw, 1024px\" \/><figcaption>Fotos: Jana\u00edna Pepeu<\/figcaption><\/figure>\n","protected":false},"excerpt":{"rendered":"<p>O t\u00e3o esperado retorno da Feira da Sulanca, em Caruaru, est\u00e1 marcado para a pr\u00f3xima segunda-feira (10). Para a retomada&hellip;<\/p>\n","protected":false},"author":1,"featured_media":59866,"comment_status":"open","ping_status":"open","sticky":false,"template":"","format":"standard","meta":{"footnotes":""},"categories":[14120],"tags":[2,16881,9547,19156],"class_list":["post-59865","post","type-post","status-publish","format-standard","has-post-thumbnail","hentry","category-noticias","tag-blog-do-edvaldo-magalhaes","tag-caruaru-e-regiao","tag-diogo-bezerra","tag-feira-da-sulanca-sera-retomada-nesta-segunda-feira-10-com-estrutura-especial"],"_links":{"self":[{"href":"https:\/\/blogdoedvaldomagalhaes.com.br\/index.php\/wp-json\/wp\/v2\/posts\/59865","targetHints":{"allow":["GET"]}}],"collection":[{"href":"https:\/\/blogdoedvaldomagalhaes.com.br\/index.php\/wp-json\/wp\/v2\/posts"}],"about":[{"href":"https:\/\/blogdoedvaldomagalhaes.com.br\/index.php\/wp-json\/wp\/v2\/types\/post"}],"author":[{"embeddable":true,"href":"https:\/\/blogdoedvaldomagalhaes.com.br\/index.php\/wp-json\/wp\/v2\/users\/1"}],"replies":[{"embeddable":true,"href":"https:\/\/blogdoedvaldomagalhaes.com.br\/index.php\/wp-json\/wp\/v2\/comments?post=59865"}],"version-history":[{"count":1,"href":"https:\/\/blogdoedvaldomagalhaes.com.br\/index.php\/wp-json\/wp\/v2\/posts\/59865\/revisions"}],"predecessor-version":[{"id":59868,"href":"https:\/\/blogdoedvaldomagalhaes.com.br\/index.php\/wp-json\/wp\/v2\/posts\/59865\/revisions\/59868"}],"wp:featuredmedia":[{"embeddable":true,"href":"https:\/\/blogdoedvaldomagalhaes.com.br\/index.php\/wp-json\/wp\/v2\/media\/59866"}],"wp:attachment":[{"href":"https:\/\/blogdoedvaldomagalhaes.com.br\/index.php\/wp-json\/wp\/v2\/media?parent=59865"}],"wp:term":[{"taxonomy":"category","embeddable":true,"href":"https:\/\/blogdoedvaldomagalhaes.com.br\/index.php\/wp-json\/wp\/v2\/categories?post=59865"},{"taxonomy":"post_tag","embeddable":true,"href":"https:\/\/blogdoedvaldomagalhaes.com.br\/index.php\/wp-json\/wp\/v2\/tags?post=59865"}],"curies":[{"name":"wp","href":"https:\/\/api.w.org\/{rel}","templated":true}]}}