{"id":59861,"date":"2020-08-07T10:30:32","date_gmt":"2020-08-07T13:30:32","guid":{"rendered":"https:\/\/blogdoedvaldomagalhaes.com.br\/?p=59861"},"modified":"2020-08-07T10:30:36","modified_gmt":"2020-08-07T13:30:36","slug":"caixa-abre-47-agencias-em-pe-neste-sabado-8-para-pagamento-do-auxilio-e-do-fgts-emergenciais","status":"publish","type":"post","link":"https:\/\/blogdoedvaldomagalhaes.com.br\/index.php\/2020\/08\/07\/caixa-abre-47-agencias-em-pe-neste-sabado-8-para-pagamento-do-auxilio-e-do-fgts-emergenciais\/","title":{"rendered":"Caixa abre 47 ag\u00eancias em PE neste s\u00e1bado (8) para pagamento do Aux\u00edlio e do FGTS emergenciais"},"content":{"rendered":"<p style=\"font-weight: 400; text-align: justify;\">A CAIXA abrir\u00e1 47 ag\u00eancias em Pernambuco neste s\u00e1bado (08), das 8h \u00e0s 12h, para atendimento aos benefici\u00e1rios do Aux\u00edlio Emergencial e do Saque Emergencial do FGTS. Em todo o pa\u00eds, 770 ag\u00eancias estar\u00e3o abertas. As pessoas nascidas de janeiro a abril poder\u00e3o realizar o saque em esp\u00e9cie do Aux\u00edlio Emergencial. J\u00e1 os trabalhadores nascidos em janeiro e fevereiro poder\u00e3o sacar o FGTS Emergencial, conforme calend\u00e1rio criado para evitar aglomera\u00e7\u00f5es em ag\u00eancias e unidades lot\u00e9ricas.<\/p>\n<p style=\"font-weight: 400; text-align: justify;\">A rela\u00e7\u00e3o de ag\u00eancias que estar\u00e3o abertas pode ser conferida no site do banco:\u00a0<a href=\"http:\/\/www.caixa.gov.br\/atendimento\" data-saferedirecturl=\"https:\/\/www.google.com\/url?q=http:\/\/www.caixa.gov.br\/atendimento&amp;source=gmail&amp;ust=1596839252875000&amp;usg=AFQjCNECWcZen2ZQM7IV1180E7YKauPOzQ\">http:\/\/www.caixa.gov.br\/atendimento<\/a>.<\/p>\n<p style=\"font-weight: 400; text-align: justify;\"><strong><u>Atendimento nas ag\u00eancias:<\/u><\/strong><\/p>\n<p style=\"font-weight: 400; text-align: justify;\">A CAIXA refor\u00e7a que n\u00e3o \u00e9 preciso madrugar nas filas \u00e0 espera de atendimento. Todas as pessoas que comparecerem \u00e0s ag\u00eancias que abrir\u00e3o neste s\u00e1bado (8), das 8h \u00e0s 12h, ser\u00e3o atendidas no mesmo dia. A mesma orienta\u00e7\u00e3o \u00e9 v\u00e1lida para o atendimento realizado de segunda a sexta, entre 8h e 14h, em todas as ag\u00eancias do banco.<\/p>\n<p style=\"font-weight: 400; text-align: justify;\"><strong><u>Pagamento do Aux\u00edlio Emergencial:<\/u><\/strong><\/p>\n<p style=\"font-weight: 400; text-align: justify;\">A partir deste s\u00e1bado, 3,8 milh\u00f5es de benefici\u00e1rios nascidos em abril e mais de 300 mil nascidos de janeiro a abril da nova leva de eleg\u00edveis, que tiveram o pedido liberado na \u00faltima segunda-feira (3), poder\u00e3o sacar o benef\u00edcio nos caixas eletr\u00f4nicos, lot\u00e9ricas e correspondentes CAIXA Aqui, al\u00e9m de transferir valores para contas da CAIXA ou de outros bancos.<\/p>\n<p style=\"font-weight: 400; text-align: justify;\">Os ciclos de cr\u00e9dito em conta e saques em esp\u00e9cie seguem at\u00e9 dezembro para o pagamento das cinco parcelas definidas pelo Governo Federal para o p\u00fablico do Cad\u00danico e para quem se cadastrou pelo App CAIXA | Aux\u00edlio Emergencial ou pelo site\u00a0<a href=\"http:\/\/auxilio.caixa.gov.br\/\" data-saferedirecturl=\"https:\/\/www.google.com\/url?q=http:\/\/auxilio.caixa.gov.br&amp;source=gmail&amp;ust=1596839252875000&amp;usg=AFQjCNHncdsLFyxEsjRpJfgOYRVqaxVl9w\">auxilio.caixa.gov.br<\/a>.<\/p>\n<p style=\"font-weight: 400; text-align: justify;\"><strong><u>Saque Emergencial do FGTS:<\/u><\/strong><\/p>\n<p style=\"font-weight: 400; text-align: justify;\">Tamb\u00e9m a partir deste s\u00e1bado (08), os trabalhadores nascidos em fevereiro que tiveram o cr\u00e9dito do Saque Emergencial do FGTS e que n\u00e3o movimentaram a conta Poupan\u00e7a Social Digital ou que tenham saldo remanescente j\u00e1 poder\u00e3o sacar o benef\u00edcio em dinheiro. Tamb\u00e9m ser\u00e1 poss\u00edvel transferir os valores, via aplicativo CAIXA Tem, para outra conta, da CAIXA ou de outras institui\u00e7\u00f5es financeiras.<\/p>\n<p style=\"font-weight: 400; text-align: justify;\">Para realizar o saque, \u00e9 preciso fazer o login no App, selecionar a op\u00e7\u00e3o \u201csaque sem cart\u00e3o\u201d e \u201cgerar c\u00f3digo de saque\u201d. Depois, o trabalhador deve inserir a senha para visualizar o c\u00f3digo de saque na tela do celular, com validade de uma hora. O c\u00f3digo deve ser utilizado nos caixas eletr\u00f4nicos da CAIXA, nas unidades lot\u00e9ricas ou nos correspondentes CAIXA Aqui.<\/p>\n<p style=\"font-weight: 400; text-align: justify;\">Continua dispon\u00edvel ao trabalhador a op\u00e7\u00e3o de utiliza\u00e7\u00e3o dos recursos creditados na Poupan\u00e7a Social Digital para a realiza\u00e7\u00e3o de compras, por meio do cart\u00e3o de d\u00e9bito virtual e QR Code, pagamento de boletos, contas de \u00e1gua, luz, telefone, entre outros servi\u00e7os.<\/p>\n<p style=\"font-weight: 400; text-align: justify;\"><strong><u>Cr\u00e9dito do Saque Emergencial do FGTS para nascidos em julho:<\/u><\/strong><\/p>\n<p style=\"font-weight: 400; text-align: justify;\">Na pr\u00f3xima segunda-feira (10), a CAIXA credita o Saque Emergencial FGTS na conta Poupan\u00e7a Social Digital de aproximadamente cinco milh\u00f5es de trabalhadores nascidos no m\u00eas de julho. Nessa etapa, o total de recursos liberados somam cerca de R$ 3,2 bilh\u00f5es.<\/p>\n<p style=\"font-weight: 400; text-align: justify;\">O saque tem como objetivo o enfrentamento do estado de calamidade p\u00fablica reconhecido pelo Governo Federal em raz\u00e3o da pandemia do novo Coronav\u00edrus (COVID-19) e movimentar\u00e1 durante todo calend\u00e1rio cerca de R$ 37,8 bilh\u00f5es para aproximadamente 60 milh\u00f5es de trabalhadores.<\/p>\n<p style=\"font-weight: 400; text-align: justify;\">O cr\u00e9dito e o saque em esp\u00e9cie do Saque Emergencial do FGTS ocorrem de forma escalonada, conforme o calend\u00e1rio a seguir:<\/p>\n\n\n<figure class=\"wp-block-image size-large\"><img loading=\"lazy\" decoding=\"async\" width=\"430\" height=\"241\" src=\"https:\/\/blogdoedvaldomagalhaes.com.br\/wp-content\/uploads\/2020\/08\/image002.jpg\" alt=\"\" class=\"wp-image-59862\" srcset=\"https:\/\/blogdoedvaldomagalhaes.com.br\/wp-content\/uploads\/2020\/08\/image002.jpg 430w, https:\/\/blogdoedvaldomagalhaes.com.br\/wp-content\/uploads\/2020\/08\/image002-300x168.jpg 300w\" sizes=\"auto, (max-width: 430px) 100vw, 430px\" \/><\/figure>\n\n\n<p style=\"font-weight: 400; text-align: justify;\">A primeira data corresponde ao cr\u00e9dito dos valores na conta Poupan\u00e7a Social Digital, quando os recursos poder\u00e3o ser utilizados em transa\u00e7\u00f5es eletr\u00f4nicas. A segunda informa quando os recursos estar\u00e3o dispon\u00edveis para saque em esp\u00e9cie ou transfer\u00eancia para outras contas.<\/p>\n<p style=\"font-weight: 400; text-align: justify;\">Os cr\u00e9ditos do Saque Emergencial do FGTS para os nascidos entre janeiro e junho j\u00e1 foram realizados na Poupan\u00e7a Social Digital. Os trabalhadores podem consultar o valor creditado por meio do aplicativo CAIXA Tem. Os aniversariantes desses meses que n\u00e3o tiveram o valor creditado automaticamente em conta no dia previsto pelo calend\u00e1rio devem acessar o App FGTS, complementar seus dados cadastrais, solicitar a abertura da conta digital e assim receber o cr\u00e9dito.<\/p>\n<p style=\"font-weight: 400; text-align: justify;\"><strong><u>Cancelamento e desfazimento do cr\u00e9dito autom\u00e1tico:<\/u><\/strong><\/p>\n<p style=\"font-weight: 400; text-align: justify;\">Se o trabalhador n\u00e3o quiser receber o Saque Emergencial do FGTS e os valores ainda n\u00e3o tenham sido creditados na conta, ele poder\u00e1 indicar que n\u00e3o deseja receber os recursos at\u00e9 10 dias antes do in\u00edcio do seu calend\u00e1rio. Nesse caso, se ele decidir receber o recurso, poder\u00e1 solicitar pelo App FGTS at\u00e9 31 de dezembro deste ano.<\/p>\n<p style=\"font-weight: 400; text-align: justify;\">Caso o cr\u00e9dito j\u00e1 tenha sido realizado, o trabalhador poder\u00e1 solicitar o seu desfazimento, situa\u00e7\u00e3o em que os valores retornar\u00e3o, em at\u00e9 30 dias, \u00e0 conta de FGTS. Nesse caso, ele n\u00e3o poder\u00e1 solicitar posteriormente o recebimento do recurso.<\/p>\n<p style=\"font-weight: 400; text-align: justify;\">Se n\u00e3o houver movimenta\u00e7\u00e3o dos recursos na conta Poupan\u00e7a Social Digital at\u00e9 30 de novembro, o valor ser\u00e1 devolvido \u00e0 conta FGTS sem nenhum preju\u00edzo ao trabalhador. Se, ap\u00f3s esse prazo, o trabalhador decidir fazer o Saque Emergencial, poder\u00e1 solicitar pelo App FGTS at\u00e9 31\/12\/2020.<\/p>\n<p style=\"font-weight: 400; text-align: justify;\">A CAIXA disponibiliza os seguintes canais de atendimento para o Saque Emergencial do FGTS: App FGTS, site\u00a0<a href=\"http:\/\/fgts.caixa.gov.br\/\" data-saferedirecturl=\"https:\/\/www.google.com\/url?q=http:\/\/fgts.caixa.gov.br&amp;source=gmail&amp;ust=1596839252876000&amp;usg=AFQjCNFrcIwr98pppDJ2x0w7lWaVTYwcjw\">fgts.caixa.gov.br<\/a>, Central de Atendimento CAIXA 111, op\u00e7\u00e3o 2 e Internet Banking CAIXA.<\/p>\n<p style=\"font-weight: 400; text-align: justify;\"><strong><u>Como movimentar a Poupan\u00e7a Social Digital:<\/u><\/strong><\/p>\n<p style=\"font-weight: 400; text-align: justify;\">A conta Poupan\u00e7a Social Digital \u00e9 uma poupan\u00e7a simplificada, sem tarifas de manuten\u00e7\u00e3o, com limite mensal de movimenta\u00e7\u00e3o de R$ 5 mil. A movimenta\u00e7\u00e3o do valor dos benef\u00edcios pode, inicialmente, ser realizada por meio digital com o uso do App CAIXA Tem.<\/p>\n<p style=\"font-weight: 400; text-align: justify;\">Pelo aplicativo, \u00e9 poss\u00edvel realizar compras em supermercados, padarias, farm\u00e1cias e outros estabelecimentos com o cart\u00e3o de d\u00e9bito virtual e QR Code, por meio de mais de nove milh\u00f5es de maquininhas de cart\u00e3o espalhadas por todo o Brasil. O trabalhador tamb\u00e9m pode pagar contas de \u00e1gua, luz, telefone, g\u00e1s e boletos em geral.<\/p>\n<p style=\"font-weight: 400; text-align: justify;\">A partir da data de disponibiliza\u00e7\u00e3o dos recursos para saque ou transfer\u00eancia, tamb\u00e9m de acordo com o m\u00eas de nascimento, os trabalhadores poder\u00e3o transferir os recursos para contas em qualquer banco, sem custo, ou realizar o saque em terminais de autoatendimento e casas lot\u00e9ricas.<\/p>","protected":false},"excerpt":{"rendered":"<p>A CAIXA abrir\u00e1 47 ag\u00eancias em Pernambuco neste s\u00e1bado (08), das 8h \u00e0s 12h, para atendimento aos benefici\u00e1rios do Aux\u00edlio&hellip;<\/p>\n","protected":false},"author":1,"featured_media":59863,"comment_status":"open","ping_status":"open","sticky":false,"template":"","format":"standard","meta":{"footnotes":""},"categories":[14120],"tags":[2,19155,16881,9821],"class_list":["post-59861","post","type-post","status-publish","format-standard","has-post-thumbnail","hentry","category-noticias","tag-blog-do-edvaldo-magalhaes","tag-caixa-abre-47-agencias-em-pe-neste-sabado-8-para-pagamento-do-auxilio-e-do-fgts-emergenciais","tag-caruaru-e-regiao","tag-cef"],"_links":{"self":[{"href":"https:\/\/blogdoedvaldomagalhaes.com.br\/index.php\/wp-json\/wp\/v2\/posts\/59861","targetHints":{"allow":["GET"]}}],"collection":[{"href":"https:\/\/blogdoedvaldomagalhaes.com.br\/index.php\/wp-json\/wp\/v2\/posts"}],"about":[{"href":"https:\/\/blogdoedvaldomagalhaes.com.br\/index.php\/wp-json\/wp\/v2\/types\/post"}],"author":[{"embeddable":true,"href":"https:\/\/blogdoedvaldomagalhaes.com.br\/index.php\/wp-json\/wp\/v2\/users\/1"}],"replies":[{"embeddable":true,"href":"https:\/\/blogdoedvaldomagalhaes.com.br\/index.php\/wp-json\/wp\/v2\/comments?post=59861"}],"version-history":[{"count":1,"href":"https:\/\/blogdoedvaldomagalhaes.com.br\/index.php\/wp-json\/wp\/v2\/posts\/59861\/revisions"}],"predecessor-version":[{"id":59864,"href":"https:\/\/blogdoedvaldomagalhaes.com.br\/index.php\/wp-json\/wp\/v2\/posts\/59861\/revisions\/59864"}],"wp:featuredmedia":[{"embeddable":true,"href":"https:\/\/blogdoedvaldomagalhaes.com.br\/index.php\/wp-json\/wp\/v2\/media\/59863"}],"wp:attachment":[{"href":"https:\/\/blogdoedvaldomagalhaes.com.br\/index.php\/wp-json\/wp\/v2\/media?parent=59861"}],"wp:term":[{"taxonomy":"category","embeddable":true,"href":"https:\/\/blogdoedvaldomagalhaes.com.br\/index.php\/wp-json\/wp\/v2\/categories?post=59861"},{"taxonomy":"post_tag","embeddable":true,"href":"https:\/\/blogdoedvaldomagalhaes.com.br\/index.php\/wp-json\/wp\/v2\/tags?post=59861"}],"curies":[{"name":"wp","href":"https:\/\/api.w.org\/{rel}","templated":true}]}}