{"id":59858,"date":"2020-08-07T09:41:41","date_gmt":"2020-08-07T12:41:41","guid":{"rendered":"https:\/\/blogdoedvaldomagalhaes.com.br\/?p=59858"},"modified":"2020-08-07T09:41:49","modified_gmt":"2020-08-07T12:41:49","slug":"unidades-prisionais-de-pe-retomam-visitas-com-medidas-restritivas-a-partir-deste-sabado-8","status":"publish","type":"post","link":"https:\/\/blogdoedvaldomagalhaes.com.br\/index.php\/2020\/08\/07\/unidades-prisionais-de-pe-retomam-visitas-com-medidas-restritivas-a-partir-deste-sabado-8\/","title":{"rendered":"Unidades prisionais de PE retomam visitas com medidas restritivas a partir deste s\u00e1bado (8)"},"content":{"rendered":"<p style=\"text-align: justify;\"><span style=\"font-size: inherit;\">A partir deste s\u00e1bado (08 de agosto), ap\u00f3s quase cinco meses de suspens\u00e3o em raz\u00e3o da pandemia do novo coronav\u00edrus, ser\u00e3o retomadas as visitas presenciais nas unidades prisionais e cadeias p\u00fablicas de Pernambuco. Tendo em vista a necessidade de retomada gradual e de cuidados e medidas de preven\u00e7\u00e3o, controle e conten\u00e7\u00e3o de riscos para servidores, presos e seus familiares, a Secretaria de Justi\u00e7a e Direitos Humanos (SJDH) publicou, nesta quinta (06), duas portarias, uma com orienta\u00e7\u00f5es para os familiares (n\u00ba 53) e a 54 para advogados.<\/span><\/p>\n<p style=\"text-align: justify;\">Neste primeiro momento, as visitas familiares ter\u00e3o dura\u00e7\u00e3o de, no m\u00e1ximo, duas horas e ser\u00e3o restritas a apenas uma pessoa da fam\u00edlia, com idade entre 18 e 60 anos, a cada 15 dias. Caso o familiar ultrapasse as duas horas de visita, ser\u00e1 aplicada a san\u00e7\u00e3o de interrup\u00e7\u00e3o, nos termos do artigo 103 da Lei 15.755\/2016 do C\u00f3digo Penitenci\u00e1rio de Pernambuco. Os hor\u00e1rios ser\u00e3o aos s\u00e1bados e domingos, divididos pelo \u00faltimo n\u00famero do prontu\u00e1rio do preso. Ser\u00e3o obrigat\u00f3rios o uso de m\u00e1scaras e a higieniza\u00e7\u00e3o de m\u00e3os, p\u00e9s, cal\u00e7ados e bolsas na porta de entrada, entre outras medidas.<\/p>\n<p style=\"text-align: justify;\">J\u00e1 os advogados realizar\u00e3o os atendimentos nas segundas, quartas e sextas, das 8h \u00e0s 17h, com tempo de perman\u00eancia m\u00e1xima de 40 minutos por preso. Ser\u00e3o permitidos apenas tr\u00eas custodiados por advogado, entre outras restri\u00e7\u00f5es. \u201cMuitas vidas foram salvas no sistema prisional do estado e fora dele tamb\u00e9m devido a esse per\u00edodo de interrup\u00e7\u00e3o de visitas e isolamento social. Com muito esfor\u00e7o e trabalho, conseguimos minimizar os impactos da pandemia, contrariando as expectativas dos mais pessimistas\u201d, diz o secret\u00e1rio de Justi\u00e7a e Direitos Humanos, Pedro Eurico. Ele salienta, ainda, que a decis\u00e3o n\u00e3o \u00e9 permanente e dever\u00e1 ser reavaliada periodicamente, tendo como base o quadro epidemiol\u00f3gico do estado.<\/p>\n<p style=\"text-align: justify;\">NOVOS VISITANTES &#8211; Os novos visitantes, aqueles que tiveram seus entes presos durante o per\u00edodo de paralisa\u00e7\u00e3o de visitas, t\u00eam at\u00e9 o dia 07 de agosto para realizar o pr\u00e9-cadastro no Sistema Integrado de Administra\u00e7\u00e3o Prisional (SIAP), atrav\u00e9s do endere\u00e7o eletr\u00f4nico www.siap.pe.gov.br. Em seguida, devem ligar para a unidade prisional a fim de agendar dia e hor\u00e1rio para a coleta da biometria e registro fotogr\u00e1fico.<\/p>\n<p style=\"text-align: justify;\">VISITAS VIRTUAIS &#8211; Para minimizar os impactos do distanciamento das fam\u00edlias e detentos, a Secretaria Executiva de Ressocializa\u00e7\u00e3o (Seres) implantou, no dia 18 de maio, as visitas virtuais da fam\u00edlia que, atualmente, abrangem as 23 unidades prisionais do Estado. O contato de presos e seus familiares acontece uma vez por semana, com a dura\u00e7\u00e3o de at\u00e9 tr\u00eas minutos, numa sala reservada \u2013 onde fica o tablet ou o celular -, e sob supervis\u00e3o de um servidor da unidade prisional.<\/p>\n<p style=\"text-align: justify;\">Os 30 smartphones e dez tablets foram doados pela Secretaria de Educa\u00e7\u00e3o de Pernambuco. At\u00e9 esta quinta (06\/08), foram realizadas mais de 16 mil visitas virtuais em todo o estado. Os dias e hor\u00e1rios s\u00e3o definidos de acordo com a rotina da unidade. Mesmo com a retomada das visitas presenciais, os encontros virtuais seguem mantidos.<\/p>\n<p style=\"text-align: justify;\">*Tenha acesso \u00e0s medidas de higiene e seguran\u00e7a e ao calend\u00e1rio de visitas* http:\/\/www.sjdh.pe.gov.br\/scjpe\/sites\/default\/files\/files\/Portaria%20visitas%201%20(1).pdf<\/p>\n","protected":false},"excerpt":{"rendered":"<p>A partir deste s\u00e1bado (08 de agosto), ap\u00f3s quase cinco meses de suspens\u00e3o em raz\u00e3o da pandemia do novo coronav\u00edrus,&hellip;<\/p>\n","protected":false},"author":1,"featured_media":59859,"comment_status":"open","ping_status":"open","sticky":false,"template":"","format":"standard","meta":{"footnotes":""},"categories":[14120],"tags":[2,17948,19154],"class_list":["post-59858","post","type-post","status-publish","format-standard","has-post-thumbnail","hentry","category-noticias","tag-blog-do-edvaldo-magalhaes","tag-coronavirus-2","tag-unidades-prisionais-de-pe-retomam-visitas-com-medidas-restritivas-a-partir-deste-sabado-8"],"_links":{"self":[{"href":"https:\/\/blogdoedvaldomagalhaes.com.br\/index.php\/wp-json\/wp\/v2\/posts\/59858","targetHints":{"allow":["GET"]}}],"collection":[{"href":"https:\/\/blogdoedvaldomagalhaes.com.br\/index.php\/wp-json\/wp\/v2\/posts"}],"about":[{"href":"https:\/\/blogdoedvaldomagalhaes.com.br\/index.php\/wp-json\/wp\/v2\/types\/post"}],"author":[{"embeddable":true,"href":"https:\/\/blogdoedvaldomagalhaes.com.br\/index.php\/wp-json\/wp\/v2\/users\/1"}],"replies":[{"embeddable":true,"href":"https:\/\/blogdoedvaldomagalhaes.com.br\/index.php\/wp-json\/wp\/v2\/comments?post=59858"}],"version-history":[{"count":1,"href":"https:\/\/blogdoedvaldomagalhaes.com.br\/index.php\/wp-json\/wp\/v2\/posts\/59858\/revisions"}],"predecessor-version":[{"id":59860,"href":"https:\/\/blogdoedvaldomagalhaes.com.br\/index.php\/wp-json\/wp\/v2\/posts\/59858\/revisions\/59860"}],"wp:featuredmedia":[{"embeddable":true,"href":"https:\/\/blogdoedvaldomagalhaes.com.br\/index.php\/wp-json\/wp\/v2\/media\/59859"}],"wp:attachment":[{"href":"https:\/\/blogdoedvaldomagalhaes.com.br\/index.php\/wp-json\/wp\/v2\/media?parent=59858"}],"wp:term":[{"taxonomy":"category","embeddable":true,"href":"https:\/\/blogdoedvaldomagalhaes.com.br\/index.php\/wp-json\/wp\/v2\/categories?post=59858"},{"taxonomy":"post_tag","embeddable":true,"href":"https:\/\/blogdoedvaldomagalhaes.com.br\/index.php\/wp-json\/wp\/v2\/tags?post=59858"}],"curies":[{"name":"wp","href":"https:\/\/api.w.org\/{rel}","templated":true}]}}