{"id":59855,"date":"2020-08-07T08:43:30","date_gmt":"2020-08-07T11:43:30","guid":{"rendered":"https:\/\/blogdoedvaldomagalhaes.com.br\/?p=59855"},"modified":"2020-08-07T08:43:36","modified_gmt":"2020-08-07T11:43:36","slug":"automedicacao-saiba-os-riscos-de-tomar-remedios-por-conta-propria-confira","status":"publish","type":"post","link":"https:\/\/blogdoedvaldomagalhaes.com.br\/index.php\/2020\/08\/07\/automedicacao-saiba-os-riscos-de-tomar-remedios-por-conta-propria-confira\/","title":{"rendered":"Automedica\u00e7\u00e3o: saiba os riscos de tomar rem\u00e9dios por conta pr\u00f3pria; Confira"},"content":{"rendered":"<p style=\"text-align: justify;\"><span style=\"font-size: inherit;\">Uma pesquisa realizada pelo Conselho Federal de Farm\u00e1cia (CFF), por meio do Instituto Datafolha, constatou que a automedica\u00e7\u00e3o \u00e9 um h\u00e1bito comum em 77% dos brasileiros. A mesma pesquisa apontou que 32% dos pacientes t\u00eam o h\u00e1bito de aumentar as doses prescritas por m\u00e9dicos para potencializar os efeitos terap\u00eauticos. De acordo com o mestre em ci\u00eancias farmac\u00eauticas e professor do UniFavip, Jos\u00e9 Edson de Souza Silva, essa pr\u00e1tica pode ter consequ\u00eancias graves, que podem levar a \u00f3bito.<\/span><\/p>\n<p style=\"text-align: justify;\">\u201cA automedica\u00e7\u00e3o consiste em fazer uso de medicamento sem a orienta\u00e7\u00e3o de um profissional de sa\u00fade. As consequ\u00eancias v\u00e3o desde rea\u00e7\u00f5es adversas leves, intera\u00e7\u00f5es com outros medicamentos e em uma situa\u00e7\u00e3o mais extrema pode levar \u00e0 morte\u201d, explica o docente.<\/p>\n<p>Ainda segundo o professor, durante o inverno a procura pela automedica\u00e7\u00e3o aumenta. Com as infec\u00e7\u00f5es respirat\u00f3rias em alta nessa \u00e9poca, a busca por medicamentos para tosse, coriza, febre, dor de garganta e ouvido por conta pr\u00f3pria atinge n\u00edveis extremamente elevados. Paralelamente, aumenta-se, com isso, o risco de diagn\u00f3sticos tardios de pneumonias, otites, meningites, sinusites, entre outros.<\/p>\n<p>\u201cAs mudan\u00e7as de temperatura podem fragilizar o organismo humano, como consequ\u00eancia surgem as doen\u00e7as e a busca por medicamentos. \u00c9 importante sempre buscar a orienta\u00e7\u00e3o de um profissional competente antes de fazer uso de medicamentos, e n\u00f3s farmac\u00eauticos somos capacitados para fazer essa orienta\u00e7\u00e3o\u201d, destaca Silva.<\/p>\n<p>Riscos iminentes \u00e0 sa\u00fade<\/p>\n<p>Medicamentos s\u00e3o subst\u00e2ncias qu\u00edmicas estranhas ao organismo com potencial de causar intoxica\u00e7\u00f5es. Um outro problema \u00e9 a intera\u00e7\u00e3o. Um medicamento pode reagir com outro e provocar um dano ao organismo ou at\u00e9 mesmo interferir no efeito, fazendo com que o medicamento fique ineficaz. Reitero aqui a import\u00e2ncia da orienta\u00e7\u00e3o farmac\u00eautica para evitar poss\u00edveis danos a sa\u00fade da popula\u00e7\u00e3o.<\/p>\n<p style=\"text-align: justify;\">A Ag\u00eancia Nacional de Vigil\u00e2ncia Sanit\u00e1ria (Anvisa) calcula que 18% das mortes por envenenamento no Brasil podem ser atribu\u00eddas \u00e0 automedica\u00e7\u00e3o, e 23% dos casos de intoxica\u00e7\u00e3o infantil est\u00e3o ligados a ingest\u00e3o acidental de medicamentos armazenados em casa de forma incorreta. Os analg\u00e9sicos, antit\u00e9rmicos e anti-inflamat\u00f3rios est\u00e3o entre os que mais intoxicam.<\/p>\n<p>*Automedica\u00e7\u00e3o em tempos de Covid-19*<\/p>\n<p>Em tempos de pandemia, h\u00e1 uma busca desenfreada por medicamentos contra a COVID-19, alimentada por uma avalanche de \u201cfake news\u201d nas redes sociais que geram no paciente um est\u00edmulo para a pr\u00e1tica da automedica\u00e7\u00e3o e uso abusivo e irracional de medicamentos. Mesmo antes de s\u00f3lidas comprova\u00e7\u00f5es cient\u00edficas de drogas eficazes contra tal enfermidade, rem\u00e9dios como ivermectina e hidroxicloroquina desapareceram das prateleiras das farm\u00e1cias, prejudicando pacientes com indica\u00e7\u00f5es precisas para tais medicamentos, como doen\u00e7as reum\u00e1ticas graves e verminoses.<\/p>\n<p>\u201cA Covid-19 \u00e9 algo muito recente e a comunidade cient\u00edfica ainda est\u00e1 buscando muitas respostas. Muitas s\u00e3o as informa\u00e7\u00f5es passadas em todos os meios de comunica\u00e7\u00e3o, principalmente na internet. \u00c9 muito importante que as pessoas tenham muito cuidado e n\u00e3o fa\u00e7am uso de nenhum medicamento ou terapia sem a orienta\u00e7\u00e3o profissional\u201d, alerta e finaliza o professor.<\/p>\n","protected":false},"excerpt":{"rendered":"<p>Uma pesquisa realizada pelo Conselho Federal de Farm\u00e1cia (CFF), por meio do Instituto Datafolha, constatou que a automedica\u00e7\u00e3o \u00e9 um&hellip;<\/p>\n","protected":false},"author":1,"featured_media":59856,"comment_status":"open","ping_status":"open","sticky":false,"template":"","format":"standard","meta":{"footnotes":""},"categories":[14120],"tags":[19153,16881],"class_list":["post-59855","post","type-post","status-publish","format-standard","has-post-thumbnail","hentry","category-noticias","tag-automedicacao-saiba-os-riscos-de-tomar-remedios-por-conta-propria-confira","tag-caruaru-e-regiao"],"_links":{"self":[{"href":"https:\/\/blogdoedvaldomagalhaes.com.br\/index.php\/wp-json\/wp\/v2\/posts\/59855","targetHints":{"allow":["GET"]}}],"collection":[{"href":"https:\/\/blogdoedvaldomagalhaes.com.br\/index.php\/wp-json\/wp\/v2\/posts"}],"about":[{"href":"https:\/\/blogdoedvaldomagalhaes.com.br\/index.php\/wp-json\/wp\/v2\/types\/post"}],"author":[{"embeddable":true,"href":"https:\/\/blogdoedvaldomagalhaes.com.br\/index.php\/wp-json\/wp\/v2\/users\/1"}],"replies":[{"embeddable":true,"href":"https:\/\/blogdoedvaldomagalhaes.com.br\/index.php\/wp-json\/wp\/v2\/comments?post=59855"}],"version-history":[{"count":1,"href":"https:\/\/blogdoedvaldomagalhaes.com.br\/index.php\/wp-json\/wp\/v2\/posts\/59855\/revisions"}],"predecessor-version":[{"id":59857,"href":"https:\/\/blogdoedvaldomagalhaes.com.br\/index.php\/wp-json\/wp\/v2\/posts\/59855\/revisions\/59857"}],"wp:featuredmedia":[{"embeddable":true,"href":"https:\/\/blogdoedvaldomagalhaes.com.br\/index.php\/wp-json\/wp\/v2\/media\/59856"}],"wp:attachment":[{"href":"https:\/\/blogdoedvaldomagalhaes.com.br\/index.php\/wp-json\/wp\/v2\/media?parent=59855"}],"wp:term":[{"taxonomy":"category","embeddable":true,"href":"https:\/\/blogdoedvaldomagalhaes.com.br\/index.php\/wp-json\/wp\/v2\/categories?post=59855"},{"taxonomy":"post_tag","embeddable":true,"href":"https:\/\/blogdoedvaldomagalhaes.com.br\/index.php\/wp-json\/wp\/v2\/tags?post=59855"}],"curies":[{"name":"wp","href":"https:\/\/api.w.org\/{rel}","templated":true}]}}