{"id":59852,"date":"2020-08-06T23:11:11","date_gmt":"2020-08-07T02:11:11","guid":{"rendered":"https:\/\/blogdoedvaldomagalhaes.com.br\/?p=59852"},"modified":"2020-08-06T23:11:16","modified_gmt":"2020-08-07T02:11:16","slug":"gravida-com-covid-19-da-a-luz-e-recebe-alta-apos-12-dias-internada-no-hospital-unimed-caruaru","status":"publish","type":"post","link":"https:\/\/blogdoedvaldomagalhaes.com.br\/index.php\/2020\/08\/06\/gravida-com-covid-19-da-a-luz-e-recebe-alta-apos-12-dias-internada-no-hospital-unimed-caruaru\/","title":{"rendered":"Gr\u00e1vida com Covid-19 d\u00e1 a luz e recebe alta ap\u00f3s 12 dias internada no Hospital Unimed Caruaru"},"content":{"rendered":"<p style=\"text-align: justify;\">A paciente gestante, Amanda Rodrigues Andrade, de 34 anos, recebeu alta hospitalar do Hospital da Unimed Caruaru por estar curada da Covid-19, doen\u00e7a causada pelo novo coronav\u00edrus. Ap\u00f3s passar 12 dias em interna\u00e7\u00e3o, comemoramos mais um dia de vit\u00f3ria e que merece ser celebrado por toda a equipe do hospital e familiares.<\/p>\n<p>Uma hist\u00f3ria de supera\u00e7\u00e3o devido a condi\u00e7\u00e3o que a pu\u00e9rpera deu \u00e0 luz. A paciente foi diagnosticada com Covid-19 e precisou ser entubada para a realiza\u00e7\u00e3o do parto devido a gravidade da doen\u00e7a. O laudo da tomografia comprovava que existia um comprometimento de 50% a 75% do par\u00eanquima pulmonar. O parto realizado na unidade materno infantil foi emocionante, um dia para celebrar a vida com o nascimento da sua filha, Alice Rodrigues Ara\u00fajo, no dia 13 de julho.<\/p>\n<p>A paciente, que reside na cidade de Jupi-PE, saiu do hospital emocionada, sob aplausos, recebendo homenagem de toda a equipe. Amanda Rodrigues Andrade deu entrada no hospital no dia 09 de julho apresentando tosse, febre e dores no corpo h\u00e1 10 dias. E nenhuma doen\u00e7a pr\u00e9 existente. No dia 20 de julho recebeu alta.<\/p>\n<p>\u201cNascimento n\u00e3o \u00e9 apenas o ato de nascer, significa tamb\u00e9m o momento em que um ser vivo inicia a sua vida. No dia 13 de julho de 2020 nasce no Hospital Unimed Caruaru a menina Alice. O seu nascimento traduz esperan\u00e7a, uma vida nova. Mas, ao mesmo tempo, sua m\u00e3e estava entubada, acometida pela forma grave do COVID 19. A fam\u00edlia, manteve a esperan\u00e7a nos profissionais que ali estavam envolvidos em sua recupera\u00e7\u00e3o, no compromisso de devolver a sua sa\u00fade, a sua vida. Hoje, com a gl\u00f3ria de Deus, Amanda e principalmente Alice ter\u00e1 muitos motivos para celebrar a vida e muita hist\u00f3ria para contar, afinal de conta nasceu no meio de uma pandemia e de uma m\u00e3e em estado grave e hoje, a m\u00e3e retorna para o seu lar o lado de sua filha que teve alta com poucos dias do seu nascimento\u201d. Dr\u00ba. Ronaldo Souto, m\u00e9dico intensivista faz homenagem a paciente com seu depoimento.<\/p>\n<p>O caso de Amanda Rodrigues Andrade \u00e9 um dos muitos que renovam as esperan\u00e7as dos profissionais da unidade hospitalar e foi considerado um exemplo de esperan\u00e7a e supera\u00e7\u00e3o diante do enfrentamento \u00e0 pandemia provocada pelo novo coronav\u00edrus.<\/p>\n<p>Foto: Unimed Caruaru.<\/p>\n","protected":false},"excerpt":{"rendered":"<p>A paciente gestante, Amanda Rodrigues Andrade, de 34 anos, recebeu alta hospitalar do Hospital da Unimed Caruaru por estar curada&hellip;<\/p>\n","protected":false},"author":1,"featured_media":59853,"comment_status":"open","ping_status":"open","sticky":false,"template":"","format":"standard","meta":{"footnotes":""},"categories":[14120],"tags":[2,17948,19152],"class_list":["post-59852","post","type-post","status-publish","format-standard","has-post-thumbnail","hentry","category-noticias","tag-blog-do-edvaldo-magalhaes","tag-coronavirus-2","tag-gravida-com-covid-19-da-a-luz-e-recebe-alta-apos-12-dias-internada-no-hospital-unimed-caruaru"],"_links":{"self":[{"href":"https:\/\/blogdoedvaldomagalhaes.com.br\/index.php\/wp-json\/wp\/v2\/posts\/59852","targetHints":{"allow":["GET"]}}],"collection":[{"href":"https:\/\/blogdoedvaldomagalhaes.com.br\/index.php\/wp-json\/wp\/v2\/posts"}],"about":[{"href":"https:\/\/blogdoedvaldomagalhaes.com.br\/index.php\/wp-json\/wp\/v2\/types\/post"}],"author":[{"embeddable":true,"href":"https:\/\/blogdoedvaldomagalhaes.com.br\/index.php\/wp-json\/wp\/v2\/users\/1"}],"replies":[{"embeddable":true,"href":"https:\/\/blogdoedvaldomagalhaes.com.br\/index.php\/wp-json\/wp\/v2\/comments?post=59852"}],"version-history":[{"count":1,"href":"https:\/\/blogdoedvaldomagalhaes.com.br\/index.php\/wp-json\/wp\/v2\/posts\/59852\/revisions"}],"predecessor-version":[{"id":59854,"href":"https:\/\/blogdoedvaldomagalhaes.com.br\/index.php\/wp-json\/wp\/v2\/posts\/59852\/revisions\/59854"}],"wp:featuredmedia":[{"embeddable":true,"href":"https:\/\/blogdoedvaldomagalhaes.com.br\/index.php\/wp-json\/wp\/v2\/media\/59853"}],"wp:attachment":[{"href":"https:\/\/blogdoedvaldomagalhaes.com.br\/index.php\/wp-json\/wp\/v2\/media?parent=59852"}],"wp:term":[{"taxonomy":"category","embeddable":true,"href":"https:\/\/blogdoedvaldomagalhaes.com.br\/index.php\/wp-json\/wp\/v2\/categories?post=59852"},{"taxonomy":"post_tag","embeddable":true,"href":"https:\/\/blogdoedvaldomagalhaes.com.br\/index.php\/wp-json\/wp\/v2\/tags?post=59852"}],"curies":[{"name":"wp","href":"https:\/\/api.w.org\/{rel}","templated":true}]}}