{"id":59843,"date":"2020-08-06T20:35:43","date_gmt":"2020-08-06T23:35:43","guid":{"rendered":"https:\/\/blogdoedvaldomagalhaes.com.br\/?p=59843"},"modified":"2020-08-06T20:52:36","modified_gmt":"2020-08-06T23:52:36","slug":"liberados-esportes-individuais-inclusive-vaquejadas-sem-publico-a-partir-de-segunda-10-em-pernambuco","status":"publish","type":"post","link":"https:\/\/blogdoedvaldomagalhaes.com.br\/index.php\/2020\/08\/06\/liberados-esportes-individuais-inclusive-vaquejadas-sem-publico-a-partir-de-segunda-10-em-pernambuco\/","title":{"rendered":"Liberados esportes individuais inclusive vaquejadas sem p\u00fablico a partir de segunda (10) em Pernambuco"},"content":{"rendered":"<p style=\"text-align: justify;\">Nesta quinta-feira (06), o Governo de Pernambuco divulgou as datas para a retomada gradual das aulas presenciais de cursos livres (l\u00ednguas, t\u00e9cnicos, qualifica\u00e7\u00e3o profissional, entre outros) e de competi\u00e7\u00f5es esportivas individuais, sem p\u00fablico. Os cursos t\u00e9cnicos de n\u00edvel m\u00e9dio, que comp\u00f5em a educa\u00e7\u00e3o b\u00e1sica, n\u00e3o est\u00e3o contemplados nesta fase de reabertura.<br \/>\n\u2800\u2800\u2800<br \/>\nA retomada das competi\u00e7\u00f5es esportivas individuais acontece a partir desta segunda-feira (10\/08), assim como as vaquejadas, que no Plano de Conviv\u00eancia est\u00e3o equiparadas aos esportes individuais. Ambas as atividades acontecer\u00e3o sem p\u00fablico presente, por tempo indeterminado.<br \/>\n\u2800\u2800\u2800<br \/>\nJ\u00e1 as aulas presenciais dos cursos livres retornar\u00e3o de forma escalonada, com a primeira etapa no dia 17 de agosto. Nessa fase, est\u00e3o autorizados apenas estudantes a partir de 18 anos de idade e as institui\u00e7\u00f5es de ensino s\u00f3 poder\u00e3o receber at\u00e9 25% da capacidade. Cursos preparat\u00f3rios para o ENEM, SSA e outros vestibulares ou disciplinas espec\u00edficas n\u00e3o est\u00e3o inclu\u00eddos na autoriza\u00e7\u00e3o. A segunda fase acontece no dia 24 de agosto, onde as institui\u00e7\u00f5es poder\u00e3o receber at\u00e9 50% dos alunos, com idade m\u00ednima de 15 anos. No dia 31, a rede poder\u00e1 contar com 75% do corpo discente, com alunos a partir de 11 anos de idade. No dia 8 de setembro, passar\u00e3o a ser atendidos 100% dos estudantes.<br \/>\n\u2800\u2800\u2800<br \/>\nAs aulas da educa\u00e7\u00e3o b\u00e1sica e do ensino superior seguem suspensas at\u00e9 o dia 15 de agosto, e ainda n\u00e3o h\u00e1 uma defini\u00e7\u00e3o sobre a data de retorno. Um plano de retomada est\u00e1 em fase final de elabora\u00e7\u00e3o e ser\u00e1 divulgado em breve.<\/p>\n<p>Foto: Divulga\u00e7\u00e3o.<\/p>\n","protected":false},"excerpt":{"rendered":"<p>Nesta quinta-feira (06), o Governo de Pernambuco divulgou as datas para a retomada gradual das aulas presenciais de cursos livres&hellip;<\/p>\n","protected":false},"author":1,"featured_media":59844,"comment_status":"open","ping_status":"open","sticky":false,"template":"","format":"standard","meta":{"footnotes":""},"categories":[14120],"tags":[17948,19151],"class_list":["post-59843","post","type-post","status-publish","format-standard","has-post-thumbnail","hentry","category-noticias","tag-coronavirus-2","tag-liberados-esportes-individuais-inclusive-vaquejadas-sem-publico-a-partir-de-segunda-10-em-pernambuco"],"_links":{"self":[{"href":"https:\/\/blogdoedvaldomagalhaes.com.br\/index.php\/wp-json\/wp\/v2\/posts\/59843","targetHints":{"allow":["GET"]}}],"collection":[{"href":"https:\/\/blogdoedvaldomagalhaes.com.br\/index.php\/wp-json\/wp\/v2\/posts"}],"about":[{"href":"https:\/\/blogdoedvaldomagalhaes.com.br\/index.php\/wp-json\/wp\/v2\/types\/post"}],"author":[{"embeddable":true,"href":"https:\/\/blogdoedvaldomagalhaes.com.br\/index.php\/wp-json\/wp\/v2\/users\/1"}],"replies":[{"embeddable":true,"href":"https:\/\/blogdoedvaldomagalhaes.com.br\/index.php\/wp-json\/wp\/v2\/comments?post=59843"}],"version-history":[{"count":2,"href":"https:\/\/blogdoedvaldomagalhaes.com.br\/index.php\/wp-json\/wp\/v2\/posts\/59843\/revisions"}],"predecessor-version":[{"id":59846,"href":"https:\/\/blogdoedvaldomagalhaes.com.br\/index.php\/wp-json\/wp\/v2\/posts\/59843\/revisions\/59846"}],"wp:featuredmedia":[{"embeddable":true,"href":"https:\/\/blogdoedvaldomagalhaes.com.br\/index.php\/wp-json\/wp\/v2\/media\/59844"}],"wp:attachment":[{"href":"https:\/\/blogdoedvaldomagalhaes.com.br\/index.php\/wp-json\/wp\/v2\/media?parent=59843"}],"wp:term":[{"taxonomy":"category","embeddable":true,"href":"https:\/\/blogdoedvaldomagalhaes.com.br\/index.php\/wp-json\/wp\/v2\/categories?post=59843"},{"taxonomy":"post_tag","embeddable":true,"href":"https:\/\/blogdoedvaldomagalhaes.com.br\/index.php\/wp-json\/wp\/v2\/tags?post=59843"}],"curies":[{"name":"wp","href":"https:\/\/api.w.org\/{rel}","templated":true}]}}