{"id":59810,"date":"2020-08-06T12:58:08","date_gmt":"2020-08-06T15:58:08","guid":{"rendered":"https:\/\/blogdoedvaldomagalhaes.com.br\/?p=59810"},"modified":"2020-08-06T13:04:24","modified_gmt":"2020-08-06T16:04:24","slug":"brasil-registra-mais-de-2-milhoes-de-recuperados-da-covid-19","status":"publish","type":"post","link":"https:\/\/blogdoedvaldomagalhaes.com.br\/index.php\/2020\/08\/06\/brasil-registra-mais-de-2-milhoes-de-recuperados-da-covid-19\/","title":{"rendered":"Brasil registra mais de 2 milh\u00f5es de recuperados da Covid-19"},"content":{"rendered":"<p style=\"text-align: justify;\">O Brasil ultrapassou nessa quarta-feira (05\/08) dois milh\u00f5es de recuperados da Covid-19. Em todo o Brasil, s\u00e3o 2.020.637 de pessoas curadas da doen\u00e7a. No mundo, estima-se que pelo menos 13 milh\u00f5es de pessoas diagnosticadas com Covid-19 j\u00e1 se recuperaram. O n\u00famero de pessoas curadas no Brasil \u00e9 superior \u00e0 quantidade de casos ativos (741.180), que s\u00e3o pacientes que est\u00e3o em acompanhamento m\u00e9dico. O registro de pessoas curadas j\u00e1 representa mais da metade do total de casos acumulados (70,7%). As informa\u00e7\u00f5es foram atualizadas \u00e0s 18h30 e foram enviadas pelas Secretarias Estaduais e Municipais de Sa\u00fade.<\/p>\n<p style=\"text-align: justify;\">A doen\u00e7a est\u00e1 presente em 98,8% dos munic\u00edpios brasileiros. Contudo, mais da metade das cidades (3.838) possuem entre 2 e 100 casos. Em rela\u00e7\u00e3o aos \u00f3bitos, 3.627 munic\u00edpios tiveram registros (65,1%), sendo que 768 deles apresentaram apenas um \u00f3bito confirmado.<\/p>\n<p style=\"text-align: justify;\">Neste momento, o Brasil tem 2.859.073 casos confirmados da doen\u00e7a, sendo 57.152 registrados nos sistemas nacionais nas \u00faltimas 24h.<\/p>\n<p style=\"text-align: justify;\">Em rela\u00e7\u00e3o aos \u00f3bitos, o Brasil possui 97.256 mortes por coronav\u00edrus. Nas \u00faltimas 24h, foram registradas 1.437 mortes nos sistemas oficiais, a maior parte aconteceu em outros per\u00edodos, mas tiveram conclus\u00e3o das investiga\u00e7\u00f5es com confirma\u00e7\u00f5es das causas por Covid-19 apenas neste per\u00edodo. Assim, 461 \u00f3bitos, de fato, ocorreram nos \u00faltimos tr\u00eas dias. Outros 3.544 seguem em investiga\u00e7\u00e3o.<\/p>\n<p>Da Ag\u00eancia Sa\u00fade.<\/p>\n","protected":false},"excerpt":{"rendered":"<p>O Brasil ultrapassou nessa quarta-feira (05\/08) dois milh\u00f5es de recuperados da Covid-19. Em todo o Brasil, s\u00e3o 2.020.637 de pessoas&hellip;<\/p>\n","protected":false},"author":1,"featured_media":59816,"comment_status":"open","ping_status":"open","sticky":false,"template":"","format":"standard","meta":{"footnotes":""},"categories":[14120],"tags":[2,19143,17948],"class_list":["post-59810","post","type-post","status-publish","format-standard","has-post-thumbnail","hentry","category-noticias","tag-blog-do-edvaldo-magalhaes","tag-brasil-registra-mais-de-2-milhoes-de-recuperados-da-covid-19","tag-coronavirus-2"],"_links":{"self":[{"href":"https:\/\/blogdoedvaldomagalhaes.com.br\/index.php\/wp-json\/wp\/v2\/posts\/59810","targetHints":{"allow":["GET"]}}],"collection":[{"href":"https:\/\/blogdoedvaldomagalhaes.com.br\/index.php\/wp-json\/wp\/v2\/posts"}],"about":[{"href":"https:\/\/blogdoedvaldomagalhaes.com.br\/index.php\/wp-json\/wp\/v2\/types\/post"}],"author":[{"embeddable":true,"href":"https:\/\/blogdoedvaldomagalhaes.com.br\/index.php\/wp-json\/wp\/v2\/users\/1"}],"replies":[{"embeddable":true,"href":"https:\/\/blogdoedvaldomagalhaes.com.br\/index.php\/wp-json\/wp\/v2\/comments?post=59810"}],"version-history":[{"count":6,"href":"https:\/\/blogdoedvaldomagalhaes.com.br\/index.php\/wp-json\/wp\/v2\/posts\/59810\/revisions"}],"predecessor-version":[{"id":59817,"href":"https:\/\/blogdoedvaldomagalhaes.com.br\/index.php\/wp-json\/wp\/v2\/posts\/59810\/revisions\/59817"}],"wp:featuredmedia":[{"embeddable":true,"href":"https:\/\/blogdoedvaldomagalhaes.com.br\/index.php\/wp-json\/wp\/v2\/media\/59816"}],"wp:attachment":[{"href":"https:\/\/blogdoedvaldomagalhaes.com.br\/index.php\/wp-json\/wp\/v2\/media?parent=59810"}],"wp:term":[{"taxonomy":"category","embeddable":true,"href":"https:\/\/blogdoedvaldomagalhaes.com.br\/index.php\/wp-json\/wp\/v2\/categories?post=59810"},{"taxonomy":"post_tag","embeddable":true,"href":"https:\/\/blogdoedvaldomagalhaes.com.br\/index.php\/wp-json\/wp\/v2\/tags?post=59810"}],"curies":[{"name":"wp","href":"https:\/\/api.w.org\/{rel}","templated":true}]}}