{"id":598,"date":"2018-11-27T17:41:00","date_gmt":"2018-11-27T19:41:00","guid":{"rendered":"http:\/\/blogdoedvaldomagalhaes.com.br\/index.php\/2018\/11\/27\/abertas-as-inscricoes-para-o-i-simposio\/"},"modified":"2019-02-09T02:43:13","modified_gmt":"2019-02-09T04:43:13","slug":"abertas-as-inscricoes-para-o-i-simposio","status":"publish","type":"post","link":"https:\/\/blogdoedvaldomagalhaes.com.br\/index.php\/2018\/11\/27\/abertas-as-inscricoes-para-o-i-simposio\/","title":{"rendered":"Abertas as inscri\u00e7\u00f5es para o I Simp\u00f3sio Multidisciplinar em HIV\/AIDS de Caruaru"},"content":{"rendered":"<div class=\"separator\" style=\"clear: both; text-align: center;\">\n<a href=\"https:\/\/1.bp.blogspot.com\/-pi3DspKDVAM\/W_2BAXQ4kZI\/AAAAAAAA-d8\/K3HOgw3qHJk7Wl3yCnCXp0gwKj9c3wz2wCLcBGAs\/s1600\/como.jpg\" imageanchor=\"1\" style=\"margin-left: 1em; margin-right: 1em;\"><img loading=\"lazy\" decoding=\"async\" border=\"0\" data-original-height=\"660\" data-original-width=\"660\" height=\"640\" src=\"http:\/\/blogdoedvaldomagalhaes.com.br\/wp-content\/uploads\/2018\/11\/como.jpg\" width=\"640\" \/><\/a><\/div>\n<p><\/p>\n<div style=\"text-align: justify;\">\nA Secretaria de Sa\u00fade de Caruaru realiza, nos dias 04 e 05 de dezembro, o I Simp\u00f3sio Multidisciplinar em HIV\/AIDS do munic\u00edpio. O evento ser\u00e1 um momento \u00fanico de trazer para a visibilidade os conhecimentos acerca do tema, atualiza\u00e7\u00f5es, troca de conhecimentos e debates, com foco no trabalho multidisciplinar, envolvendo profissionais de sa\u00fade como m\u00e9dicos, enfermeiros, farmac\u00eauticos, psic\u00f3logos, biom\u00e9dicos, assistentes sociais, nutricionistas, t\u00e9cnicos em sa\u00fade, estudantes de sa\u00fade e de \u00e1reas afins.<\/div>\n<div style=\"text-align: justify;\">\n<\/div>\n<div style=\"text-align: justify;\">\nCom a tem\u00e1tica \u201cO que o profissional de sa\u00fade do s\u00e9culo XXI precisa saber?\u201d, o simp\u00f3sio ser\u00e1 realizado no audit\u00f3rio da Associa\u00e7\u00e3o Comercial e Empresarial de Caruaru (ACIC) e \u00e9 totalmente gratuito.<\/div>\n<div style=\"text-align: justify;\">\n<\/div>\n<div style=\"text-align: justify;\">\nO evento acontecer\u00e1 com dura\u00e7\u00e3o dois dias, sendo um dia de minicursos, com a programa\u00e7\u00e3o pr\u00e9-simp\u00f3sio, com pr\u00e9-inscri\u00e7\u00e3o e vagas limitadas e o segundo dia com a realiza\u00e7\u00e3o do Simp\u00f3sio com palestras, mesa redonda, debate e lan\u00e7amento do Boletim Epidemiol\u00f3gico de Caruaru.<\/div>\n<div style=\"text-align: justify;\">\n<\/div>\n<div style=\"text-align: justify;\">\nA inscri\u00e7\u00e3o deve ser feita atrav\u00e9s do link: http:\/\/saudecaruaru.pe.gov.br\/smscaruaru2013\/index.php\/ggtes-gerencia-geral-de-trabalho-e-educacao-em-saude\/coordenacao-de-educacao-em-saude\/737-i-simposio-multidisciplinar-em-hiv-aids-de-caruaru<\/div>\n<div style=\"text-align: justify;\">\n<\/div>\n<div style=\"text-align: justify;\">\nS\u00e3o esperados cerca de 300 participantes, entre estudantes, professores, profissionais de sa\u00fade e psicologia, usu\u00e1rios e pessoas ativistas na tem\u00e1tica.<\/div>\n<div style=\"text-align: justify;\">\n<\/div>\n<div style=\"text-align: justify;\">\n<b>Confira a programa\u00e7\u00e3o completa:<\/b><\/div>\n<div style=\"text-align: justify;\">\n<b><br \/><\/b><\/div>\n<div class=\"separator\" style=\"clear: both; text-align: center;\">\n<a href=\"https:\/\/4.bp.blogspot.com\/-toiIWUkqX04\/W_2BryTfo0I\/AAAAAAAA-eM\/7lwn6_5J8oEhMSjP7ArQ1Ie0mrL3MDGiwCLcBGAs\/s1600\/programa%25C3%25A7%25C3%25A3o.jpeg\" imageanchor=\"1\" style=\"margin-left: 1em; margin-right: 1em;\"><img loading=\"lazy\" decoding=\"async\" border=\"0\" data-original-height=\"1280\" data-original-width=\"731\" height=\"640\" src=\"http:\/\/blogdoedvaldomagalhaes.com.br\/wp-content\/uploads\/2018\/11\/programaC3A7C3A3o.jpeg\" width=\"365\" \/><\/a><\/div>\n<div class=\"separator\" style=\"clear: both; text-align: center;\">\n<\/div>\n<div style=\"text-align: justify;\">\n<b><br \/><\/b><\/div>\n","protected":false},"excerpt":{"rendered":"<p>A Secretaria de Sa\u00fade de Caruaru realiza, nos dias 04 e 05 de dezembro, o I Simp\u00f3sio Multidisciplinar em HIV\/AIDS&hellip;<\/p>\n","protected":false},"author":1,"featured_media":0,"comment_status":"open","ping_status":"open","sticky":false,"template":"","format":"standard","meta":{"footnotes":""},"categories":[1],"tags":[518,2,6],"class_list":["post-598","post","type-post","status-publish","format-standard","hentry","category-sem-categoria","tag-abertas-as-inscricoes-para-o-i-simposio-multidisciplinar-em-hiv-aids-de-caruaru","tag-blog-do-edvaldo-magalhaes","tag-noticias"],"_links":{"self":[{"href":"https:\/\/blogdoedvaldomagalhaes.com.br\/index.php\/wp-json\/wp\/v2\/posts\/598","targetHints":{"allow":["GET"]}}],"collection":[{"href":"https:\/\/blogdoedvaldomagalhaes.com.br\/index.php\/wp-json\/wp\/v2\/posts"}],"about":[{"href":"https:\/\/blogdoedvaldomagalhaes.com.br\/index.php\/wp-json\/wp\/v2\/types\/post"}],"author":[{"embeddable":true,"href":"https:\/\/blogdoedvaldomagalhaes.com.br\/index.php\/wp-json\/wp\/v2\/users\/1"}],"replies":[{"embeddable":true,"href":"https:\/\/blogdoedvaldomagalhaes.com.br\/index.php\/wp-json\/wp\/v2\/comments?post=598"}],"version-history":[{"count":1,"href":"https:\/\/blogdoedvaldomagalhaes.com.br\/index.php\/wp-json\/wp\/v2\/posts\/598\/revisions"}],"predecessor-version":[{"id":36223,"href":"https:\/\/blogdoedvaldomagalhaes.com.br\/index.php\/wp-json\/wp\/v2\/posts\/598\/revisions\/36223"}],"wp:attachment":[{"href":"https:\/\/blogdoedvaldomagalhaes.com.br\/index.php\/wp-json\/wp\/v2\/media?parent=598"}],"wp:term":[{"taxonomy":"category","embeddable":true,"href":"https:\/\/blogdoedvaldomagalhaes.com.br\/index.php\/wp-json\/wp\/v2\/categories?post=598"},{"taxonomy":"post_tag","embeddable":true,"href":"https:\/\/blogdoedvaldomagalhaes.com.br\/index.php\/wp-json\/wp\/v2\/tags?post=598"}],"curies":[{"name":"wp","href":"https:\/\/api.w.org\/{rel}","templated":true}]}}