{"id":59796,"date":"2020-08-06T09:49:33","date_gmt":"2020-08-06T12:49:33","guid":{"rendered":"https:\/\/blogdoedvaldomagalhaes.com.br\/?p=59796"},"modified":"2020-08-06T10:03:48","modified_gmt":"2020-08-06T13:03:48","slug":"pmpe-pf-e-pmba-desarticulam-quadrilha-de-assaltos-a-bancos","status":"publish","type":"post","link":"https:\/\/blogdoedvaldomagalhaes.com.br\/index.php\/2020\/08\/06\/pmpe-pf-e-pmba-desarticulam-quadrilha-de-assaltos-a-bancos\/","title":{"rendered":"PMPE, PF e PMBA desarticulam quadrilha de assaltos a bancos"},"content":{"rendered":"<p style=\"text-align: justify;\"><span style=\"font-size: inherit;\">Em ocorr\u00eancia realizada em conjunto com a Pol\u00edcia Federal e a Pol\u00edcia Militar da Bahia, policiais militares de Pernambuco participaram, nesta quarta-feira, da Opera\u00e7\u00e3o Capit\u00e1, que desarticulou uma quadrilha especializada em assaltos a bancos e carros-fortes que atuava em diversos estados da federa\u00e7\u00e3o. A investiga\u00e7\u00e3o foi iniciada em mar\u00e7o deste ano, ap\u00f3s a morte do ex-l\u00edder de uma das quadrilhas mais atuantes na regi\u00e3o Nordeste, em confronto com a Pol\u00edcia Militar do Estado de Goi\u00e1s, quando reagiu a uma abordagem. Depois disso, a PF identificou novas lideran\u00e7as entre os remanescentes da organiza\u00e7\u00e3o criminosa, que passaram a ser investigados nos \u00faltimos quatro meses.<\/span><\/p>\n<p style=\"text-align: justify;\">Conforme levantamento, a quadrilha estava se preparando para realizar, nos pr\u00f3ximos dias, um assalto a um carro-forte em uma das rodovias pr\u00f3ximas a Juazeiro\/BA e Petrolina\/PE. Cerca de 80 policiais federais, com o apoio de 50 policiais militares da Bahia e Pernambuco, deram cumprimento a dez mandados de busca e apreens\u00e3o nas cidades de Juazeiro\/BA, Petrolina\/PE e S\u00e3o Paulo\/SP.<\/p>\n<p style=\"text-align: justify;\">O grupo preso em Petrolina estava morando h\u00e1 menos de um m\u00eas em uma resid\u00eancia do bairro Gercino Coelho, na Rua Maur\u00edcio de Nassau. Nos endere\u00e7os das buscas foram encontradas armas de grosso calibre, muni\u00e7\u00e3o, explosivos, escudos e coletes bal\u00edsticos, carros roubados, celulares, al\u00e9m de diversos outros apetrechos comumente usados para esse tipo de crime. Moradores da vizinhan\u00e7a relataram que os integrantes do grupo se apresentaram como corretores de im\u00f3veis, que vinham de S\u00e3o Paulo. Foram presos em flagrante 11 pessoas, pela pr\u00e1tica dos crimes de porte ilegal de armas de fogo de uso restrito, recepta\u00e7\u00e3o, associa\u00e7\u00e3o criminosa e posse de explosivos.<\/p>\n<p style=\"text-align: justify;\">Al\u00e9m disso, um outro integrante do bando, suspeito de ser o financiador e um dos principais articuladores, foi preso em S\u00e3o Paulo, em cumprimento a dois mandados de pris\u00e3o em aberto, um oriundo da Justi\u00e7a da Bahia, decorrente de uma condena\u00e7\u00e3o a 24 anos de reclus\u00e3o por homic\u00eddio; e outro preventivo, por roubo, da Justi\u00e7a de Alagoas.<\/p>\n\n\n<figure class=\"wp-block-image size-large\"><img loading=\"lazy\" decoding=\"async\" width=\"1024\" height=\"773\" src=\"https:\/\/blogdoedvaldomagalhaes.com.br\/wp-content\/uploads\/2020\/08\/IMG-20200806-WA0031-1024x773.jpg\" alt=\"\" class=\"wp-image-59799\" srcset=\"https:\/\/blogdoedvaldomagalhaes.com.br\/wp-content\/uploads\/2020\/08\/IMG-20200806-WA0031-1024x773.jpg 1024w, https:\/\/blogdoedvaldomagalhaes.com.br\/wp-content\/uploads\/2020\/08\/IMG-20200806-WA0031-300x226.jpg 300w, https:\/\/blogdoedvaldomagalhaes.com.br\/wp-content\/uploads\/2020\/08\/IMG-20200806-WA0031-768x580.jpg 768w, https:\/\/blogdoedvaldomagalhaes.com.br\/wp-content\/uploads\/2020\/08\/IMG-20200806-WA0031-160x120.jpg 160w, https:\/\/blogdoedvaldomagalhaes.com.br\/wp-content\/uploads\/2020\/08\/IMG-20200806-WA0031.jpg 1162w\" sizes=\"auto, (max-width: 1024px) 100vw, 1024px\" \/><\/figure>\n\n\n\n<figure class=\"wp-block-image size-large\"><img loading=\"lazy\" decoding=\"async\" width=\"1024\" height=\"772\" src=\"https:\/\/blogdoedvaldomagalhaes.com.br\/wp-content\/uploads\/2020\/08\/IMG-20200806-WA0032-1024x772.jpg\" alt=\"\" class=\"wp-image-59801\" srcset=\"https:\/\/blogdoedvaldomagalhaes.com.br\/wp-content\/uploads\/2020\/08\/IMG-20200806-WA0032-1024x772.jpg 1024w, https:\/\/blogdoedvaldomagalhaes.com.br\/wp-content\/uploads\/2020\/08\/IMG-20200806-WA0032-300x226.jpg 300w, https:\/\/blogdoedvaldomagalhaes.com.br\/wp-content\/uploads\/2020\/08\/IMG-20200806-WA0032-768x579.jpg 768w, https:\/\/blogdoedvaldomagalhaes.com.br\/wp-content\/uploads\/2020\/08\/IMG-20200806-WA0032-160x120.jpg 160w, https:\/\/blogdoedvaldomagalhaes.com.br\/wp-content\/uploads\/2020\/08\/IMG-20200806-WA0032.jpg 1095w\" sizes=\"auto, (max-width: 1024px) 100vw, 1024px\" \/><\/figure>\n\n\n\n<figure class=\"wp-block-image size-large\"><img loading=\"lazy\" decoding=\"async\" width=\"1024\" height=\"492\" src=\"https:\/\/blogdoedvaldomagalhaes.com.br\/wp-content\/uploads\/2020\/08\/IMG-20200806-WA0033-1024x492.jpg\" alt=\"\" class=\"wp-image-59803\" srcset=\"https:\/\/blogdoedvaldomagalhaes.com.br\/wp-content\/uploads\/2020\/08\/IMG-20200806-WA0033-1024x492.jpg 1024w, https:\/\/blogdoedvaldomagalhaes.com.br\/wp-content\/uploads\/2020\/08\/IMG-20200806-WA0033-300x144.jpg 300w, https:\/\/blogdoedvaldomagalhaes.com.br\/wp-content\/uploads\/2020\/08\/IMG-20200806-WA0033-768x369.jpg 768w, https:\/\/blogdoedvaldomagalhaes.com.br\/wp-content\/uploads\/2020\/08\/IMG-20200806-WA0033.jpg 1280w\" sizes=\"auto, (max-width: 1024px) 100vw, 1024px\" \/><\/figure>\n\n\n\n<figure class=\"wp-block-image size-large\"><img loading=\"lazy\" decoding=\"async\" width=\"1024\" height=\"577\" src=\"https:\/\/blogdoedvaldomagalhaes.com.br\/wp-content\/uploads\/2020\/08\/IMG-20200806-WA0034-1024x577.jpg\" alt=\"\" class=\"wp-image-59805\" srcset=\"https:\/\/blogdoedvaldomagalhaes.com.br\/wp-content\/uploads\/2020\/08\/IMG-20200806-WA0034-1024x577.jpg 1024w, https:\/\/blogdoedvaldomagalhaes.com.br\/wp-content\/uploads\/2020\/08\/IMG-20200806-WA0034-300x169.jpg 300w, https:\/\/blogdoedvaldomagalhaes.com.br\/wp-content\/uploads\/2020\/08\/IMG-20200806-WA0034-768x433.jpg 768w, https:\/\/blogdoedvaldomagalhaes.com.br\/wp-content\/uploads\/2020\/08\/IMG-20200806-WA0034-1140x641.jpg 1140w, https:\/\/blogdoedvaldomagalhaes.com.br\/wp-content\/uploads\/2020\/08\/IMG-20200806-WA0034-720x405.jpg 720w, https:\/\/blogdoedvaldomagalhaes.com.br\/wp-content\/uploads\/2020\/08\/IMG-20200806-WA0034.jpg 1280w\" sizes=\"auto, (max-width: 1024px) 100vw, 1024px\" \/><\/figure>\n\n\n\n<figure class=\"wp-block-image size-large\"><img loading=\"lazy\" decoding=\"async\" width=\"1024\" height=\"572\" src=\"https:\/\/blogdoedvaldomagalhaes.com.br\/wp-content\/uploads\/2020\/08\/IMG-20200806-WA0035-1024x572.jpg\" alt=\"\" class=\"wp-image-59808\" srcset=\"https:\/\/blogdoedvaldomagalhaes.com.br\/wp-content\/uploads\/2020\/08\/IMG-20200806-WA0035-1024x572.jpg 1024w, https:\/\/blogdoedvaldomagalhaes.com.br\/wp-content\/uploads\/2020\/08\/IMG-20200806-WA0035-300x168.jpg 300w, https:\/\/blogdoedvaldomagalhaes.com.br\/wp-content\/uploads\/2020\/08\/IMG-20200806-WA0035-768x429.jpg 768w, https:\/\/blogdoedvaldomagalhaes.com.br\/wp-content\/uploads\/2020\/08\/IMG-20200806-WA0035.jpg 1280w\" sizes=\"auto, (max-width: 1024px) 100vw, 1024px\" \/><figcaption>Fotos: Divulga\u00e7\u00e3o<\/figcaption><\/figure>\n","protected":false},"excerpt":{"rendered":"<p>Em ocorr\u00eancia realizada em conjunto com a Pol\u00edcia Federal e a Pol\u00edcia Militar da Bahia, policiais militares de Pernambuco participaram,&hellip;<\/p>\n","protected":false},"author":1,"featured_media":59797,"comment_status":"open","ping_status":"open","sticky":false,"template":"","format":"standard","meta":{"footnotes":""},"categories":[14121],"tags":[16881,19142,6887],"class_list":["post-59796","post","type-post","status-publish","format-standard","has-post-thumbnail","hentry","category-policial","tag-caruaru-e-regiao","tag-pf-e-pmba-desarticulam-quadrilha-de-assaltos-a-bancos","tag-pmpe"],"_links":{"self":[{"href":"https:\/\/blogdoedvaldomagalhaes.com.br\/index.php\/wp-json\/wp\/v2\/posts\/59796","targetHints":{"allow":["GET"]}}],"collection":[{"href":"https:\/\/blogdoedvaldomagalhaes.com.br\/index.php\/wp-json\/wp\/v2\/posts"}],"about":[{"href":"https:\/\/blogdoedvaldomagalhaes.com.br\/index.php\/wp-json\/wp\/v2\/types\/post"}],"author":[{"embeddable":true,"href":"https:\/\/blogdoedvaldomagalhaes.com.br\/index.php\/wp-json\/wp\/v2\/users\/1"}],"replies":[{"embeddable":true,"href":"https:\/\/blogdoedvaldomagalhaes.com.br\/index.php\/wp-json\/wp\/v2\/comments?post=59796"}],"version-history":[{"count":6,"href":"https:\/\/blogdoedvaldomagalhaes.com.br\/index.php\/wp-json\/wp\/v2\/posts\/59796\/revisions"}],"predecessor-version":[{"id":59809,"href":"https:\/\/blogdoedvaldomagalhaes.com.br\/index.php\/wp-json\/wp\/v2\/posts\/59796\/revisions\/59809"}],"wp:featuredmedia":[{"embeddable":true,"href":"https:\/\/blogdoedvaldomagalhaes.com.br\/index.php\/wp-json\/wp\/v2\/media\/59797"}],"wp:attachment":[{"href":"https:\/\/blogdoedvaldomagalhaes.com.br\/index.php\/wp-json\/wp\/v2\/media?parent=59796"}],"wp:term":[{"taxonomy":"category","embeddable":true,"href":"https:\/\/blogdoedvaldomagalhaes.com.br\/index.php\/wp-json\/wp\/v2\/categories?post=59796"},{"taxonomy":"post_tag","embeddable":true,"href":"https:\/\/blogdoedvaldomagalhaes.com.br\/index.php\/wp-json\/wp\/v2\/tags?post=59796"}],"curies":[{"name":"wp","href":"https:\/\/api.w.org\/{rel}","templated":true}]}}