{"id":59790,"date":"2020-08-06T00:00:43","date_gmt":"2020-08-06T03:00:43","guid":{"rendered":"https:\/\/blogdoedvaldomagalhaes.com.br\/?p=59790"},"modified":"2020-08-06T00:07:39","modified_gmt":"2020-08-06T03:07:39","slug":"salgueiro-e-o-primeiro-clube-do-interior-campeao-em-pernambuco","status":"publish","type":"post","link":"https:\/\/blogdoedvaldomagalhaes.com.br\/index.php\/2020\/08\/06\/salgueiro-e-o-primeiro-clube-do-interior-campeao-em-pernambuco\/","title":{"rendered":"Salgueiro \u00e9 o primeiro clube do interior campe\u00e3o em Pernambuco"},"content":{"rendered":"<h3 class=\"abstract\" style=\"text-align: justify;\">Santa Cruz e Salgueiro decidiram o Campeonato Pernambucano 2020, no Est\u00e1dio Jos\u00e9 do R\u00eago Maciel (Arruda), em Recife, na noite desta quarta-feira (05). O Santa foi mais eficiente na primeira etapa, por\u00e9m deixou de jogar no segundo tempo, e come\u00e7ou a cometer mais faltas do que o necess\u00e1rio. No entanto, o Carcar\u00e1 fez o mesmo e deixaram a bola de lado, s\u00f3 se reencontraram nos p\u00eanaltis com vit\u00f3ria do time sertanejo por 4 a 3. O Salgueiro entrou para a hist\u00f3ria, sendo o primeiro clube do interior campe\u00e3o de um Campeonato Pernambucano.<\/h3>\n","protected":false},"excerpt":{"rendered":"<p>Santa Cruz e Salgueiro decidiram o Campeonato Pernambucano 2020, no Est\u00e1dio Jos\u00e9 do R\u00eago Maciel (Arruda), em Recife, na noite&hellip;<\/p>\n","protected":false},"author":1,"featured_media":59792,"comment_status":"open","ping_status":"open","sticky":false,"template":"","format":"standard","meta":{"footnotes":""},"categories":[14123],"tags":[2,19141],"class_list":["post-59790","post","type-post","status-publish","format-standard","has-post-thumbnail","hentry","category-futebol","tag-blog-do-edvaldo-magalhaes","tag-salgueiro-e-o-primeiro-clube-do-interior-campeao-em-pernambuco"],"_links":{"self":[{"href":"https:\/\/blogdoedvaldomagalhaes.com.br\/index.php\/wp-json\/wp\/v2\/posts\/59790","targetHints":{"allow":["GET"]}}],"collection":[{"href":"https:\/\/blogdoedvaldomagalhaes.com.br\/index.php\/wp-json\/wp\/v2\/posts"}],"about":[{"href":"https:\/\/blogdoedvaldomagalhaes.com.br\/index.php\/wp-json\/wp\/v2\/types\/post"}],"author":[{"embeddable":true,"href":"https:\/\/blogdoedvaldomagalhaes.com.br\/index.php\/wp-json\/wp\/v2\/users\/1"}],"replies":[{"embeddable":true,"href":"https:\/\/blogdoedvaldomagalhaes.com.br\/index.php\/wp-json\/wp\/v2\/comments?post=59790"}],"version-history":[{"count":2,"href":"https:\/\/blogdoedvaldomagalhaes.com.br\/index.php\/wp-json\/wp\/v2\/posts\/59790\/revisions"}],"predecessor-version":[{"id":59795,"href":"https:\/\/blogdoedvaldomagalhaes.com.br\/index.php\/wp-json\/wp\/v2\/posts\/59790\/revisions\/59795"}],"wp:featuredmedia":[{"embeddable":true,"href":"https:\/\/blogdoedvaldomagalhaes.com.br\/index.php\/wp-json\/wp\/v2\/media\/59792"}],"wp:attachment":[{"href":"https:\/\/blogdoedvaldomagalhaes.com.br\/index.php\/wp-json\/wp\/v2\/media?parent=59790"}],"wp:term":[{"taxonomy":"category","embeddable":true,"href":"https:\/\/blogdoedvaldomagalhaes.com.br\/index.php\/wp-json\/wp\/v2\/categories?post=59790"},{"taxonomy":"post_tag","embeddable":true,"href":"https:\/\/blogdoedvaldomagalhaes.com.br\/index.php\/wp-json\/wp\/v2\/tags?post=59790"}],"curies":[{"name":"wp","href":"https:\/\/api.w.org\/{rel}","templated":true}]}}