{"id":59784,"date":"2020-08-05T22:33:29","date_gmt":"2020-08-06T01:33:29","guid":{"rendered":"https:\/\/blogdoedvaldomagalhaes.com.br\/?p=59784"},"modified":"2020-08-05T22:46:58","modified_gmt":"2020-08-06T01:46:58","slug":"morre-em-sao-paulo-o-ator-gesio-amadeu-vitima-de-covid-19","status":"publish","type":"post","link":"https:\/\/blogdoedvaldomagalhaes.com.br\/index.php\/2020\/08\/05\/morre-em-sao-paulo-o-ator-gesio-amadeu-vitima-de-covid-19\/","title":{"rendered":"Morre em S\u00e3o Paulo o ator G\u00e9sio Amadeu v\u00edtima de Covid-19"},"content":{"rendered":"<div class=\"mc-column content-text active-extra-styles \" data-block-type=\"unstyled\" data-block-weight=\"30\">\n<p class=\"content-text__container \" style=\"text-align: justify;\" data-track-category=\"Link no Texto\" data-track-links=\"\">Morreu nesta quarta-feira (05), em S\u00e3o Paulo, o ator G\u00e9sio Amadeu, aos 73 anos, v\u00edtima de Covid-19. A not\u00edcia foi divulgada pelo filho dele, Mario Amadeu, pelas redes sociais.<\/p>\n<\/div>\n<div class=\"wall protected-content\">\n<div class=\"mc-column content-text active-extra-styles \" style=\"text-align: justify;\" data-block-type=\"unstyled\" data-block-weight=\"33\">\n<p class=\"content-text__container \" data-track-category=\"Link no Texto\" data-track-links=\"\">G\u00e9sio Amadeu estava internado no Hospital Sancta Maggiore, na Mocca, Zona Leste de S\u00e3o Paulo. Em nota, o hospital afirmou que Amadeu faleceu nesta tarde em decorr\u00eancia de fal\u00eancia m\u00faltipla de \u00f3rg\u00e3os.<\/p>\n<\/div>\n<div class=\"mc-column content-text active-extra-styles \" data-block-type=\"unstyled\" data-block-weight=\"44\">\n<p class=\"content-text__container \" style=\"text-align: justify;\" data-track-category=\"Link no Texto\" data-track-links=\"\">O ator atuou em v\u00e1rias novelas da Globo, como na primeira e segunda vers\u00e3o de \u201cSinh\u00e1 Mo\u00e7a\u201d, \u201cRenascer\u201d e \u201cA Viagem\u201d. Tamb\u00e9m atuou na s\u00e9rie infantil \u201cS\u00edtio do Pica Pau Amarelo\u201d e ficou muito conhecido por interpretar o cozinheiro chefe Chico de \u201cChiquititas\u201d, no SBT.<\/p>\n<p data-track-category=\"Link no Texto\" data-track-links=\"\">Foto: Reprodu\u00e7\u00e3o\/Globo.<\/p>\n<\/div>\n<\/div>\n","protected":false},"excerpt":{"rendered":"<p>Morreu nesta quarta-feira (05), em S\u00e3o Paulo, o ator G\u00e9sio Amadeu, aos 73 anos, v\u00edtima de Covid-19. A not\u00edcia foi&hellip;<\/p>\n","protected":false},"author":1,"featured_media":59785,"comment_status":"open","ping_status":"open","sticky":false,"template":"","format":"standard","meta":{"footnotes":""},"categories":[14120],"tags":[2,17948,19140],"class_list":["post-59784","post","type-post","status-publish","format-standard","has-post-thumbnail","hentry","category-noticias","tag-blog-do-edvaldo-magalhaes","tag-coronavirus-2","tag-morre-em-sao-paulo-o-ator-gesio-amadeu-vitima-de-covid-19"],"_links":{"self":[{"href":"https:\/\/blogdoedvaldomagalhaes.com.br\/index.php\/wp-json\/wp\/v2\/posts\/59784","targetHints":{"allow":["GET"]}}],"collection":[{"href":"https:\/\/blogdoedvaldomagalhaes.com.br\/index.php\/wp-json\/wp\/v2\/posts"}],"about":[{"href":"https:\/\/blogdoedvaldomagalhaes.com.br\/index.php\/wp-json\/wp\/v2\/types\/post"}],"author":[{"embeddable":true,"href":"https:\/\/blogdoedvaldomagalhaes.com.br\/index.php\/wp-json\/wp\/v2\/users\/1"}],"replies":[{"embeddable":true,"href":"https:\/\/blogdoedvaldomagalhaes.com.br\/index.php\/wp-json\/wp\/v2\/comments?post=59784"}],"version-history":[{"count":3,"href":"https:\/\/blogdoedvaldomagalhaes.com.br\/index.php\/wp-json\/wp\/v2\/posts\/59784\/revisions"}],"predecessor-version":[{"id":59789,"href":"https:\/\/blogdoedvaldomagalhaes.com.br\/index.php\/wp-json\/wp\/v2\/posts\/59784\/revisions\/59789"}],"wp:featuredmedia":[{"embeddable":true,"href":"https:\/\/blogdoedvaldomagalhaes.com.br\/index.php\/wp-json\/wp\/v2\/media\/59785"}],"wp:attachment":[{"href":"https:\/\/blogdoedvaldomagalhaes.com.br\/index.php\/wp-json\/wp\/v2\/media?parent=59784"}],"wp:term":[{"taxonomy":"category","embeddable":true,"href":"https:\/\/blogdoedvaldomagalhaes.com.br\/index.php\/wp-json\/wp\/v2\/categories?post=59784"},{"taxonomy":"post_tag","embeddable":true,"href":"https:\/\/blogdoedvaldomagalhaes.com.br\/index.php\/wp-json\/wp\/v2\/tags?post=59784"}],"curies":[{"name":"wp","href":"https:\/\/api.w.org\/{rel}","templated":true}]}}