{"id":59780,"date":"2020-08-05T22:07:58","date_gmt":"2020-08-06T01:07:58","guid":{"rendered":"https:\/\/blogdoedvaldomagalhaes.com.br\/?p=59780"},"modified":"2020-08-05T22:09:07","modified_gmt":"2020-08-06T01:09:07","slug":"tremor-de-terra-e-registrado-em-belem-de-maria-zona-da-mata-de-pernambuco","status":"publish","type":"post","link":"https:\/\/blogdoedvaldomagalhaes.com.br\/index.php\/2020\/08\/05\/tremor-de-terra-e-registrado-em-belem-de-maria-zona-da-mata-de-pernambuco\/","title":{"rendered":"Tremor de terra \u00e9 registrado em Bel\u00e9m de Maria, Zona da Mata de Pernambuco"},"content":{"rendered":"<p style=\"text-align: justify;\">Um tremor de terra foi registrado no final da tarde desta quarta-feira (05), no munic\u00edpio de Bel\u00e9m de Maria, na Zona da Mata Sul de Pernambuco, a 60 km de Caruaru. O abalo s\u00edsmico ocorreu \u00e0s 17h30 e atingiu magnitude 1.9 graus na escala Richter.<\/p>\n<p style=\"text-align: justify;\">De acordo com o mestre em geof\u00edsica do Laborat\u00f3rio de Sismologia da Universidade Federal do Rio Grande do Norte (UFRN), professor Eduardo Menezes, o registro foi feito pela esta\u00e7\u00e3o sismogr\u00e1fica instalada em Caruaru.<\/p>\n<p style=\"text-align: justify;\">Este foi o segundo tremor ocorrido em Pernambuco em 24 horas. Nesta ter\u00e7a-feira (04), a terra tremeu em Lajedo, no\u00a0Agreste, atingindo magnitude 2.0.<\/p>\n<p>Por Helenivaldo Pereira.<\/p>\n","protected":false},"excerpt":{"rendered":"<p>Um tremor de terra foi registrado no final da tarde desta quarta-feira (05), no munic\u00edpio de Bel\u00e9m de Maria, na&hellip;<\/p>\n","protected":false},"author":1,"featured_media":59781,"comment_status":"open","ping_status":"open","sticky":false,"template":"","format":"standard","meta":{"footnotes":""},"categories":[14120],"tags":[2,16881,19139,19089],"class_list":["post-59780","post","type-post","status-publish","format-standard","has-post-thumbnail","hentry","category-noticias","tag-blog-do-edvaldo-magalhaes","tag-caruaru-e-regiao","tag-tremor-de-terra-e-registrado-em-belem-de-maria","tag-zona-da-mata-de-pernambuco"],"_links":{"self":[{"href":"https:\/\/blogdoedvaldomagalhaes.com.br\/index.php\/wp-json\/wp\/v2\/posts\/59780","targetHints":{"allow":["GET"]}}],"collection":[{"href":"https:\/\/blogdoedvaldomagalhaes.com.br\/index.php\/wp-json\/wp\/v2\/posts"}],"about":[{"href":"https:\/\/blogdoedvaldomagalhaes.com.br\/index.php\/wp-json\/wp\/v2\/types\/post"}],"author":[{"embeddable":true,"href":"https:\/\/blogdoedvaldomagalhaes.com.br\/index.php\/wp-json\/wp\/v2\/users\/1"}],"replies":[{"embeddable":true,"href":"https:\/\/blogdoedvaldomagalhaes.com.br\/index.php\/wp-json\/wp\/v2\/comments?post=59780"}],"version-history":[{"count":2,"href":"https:\/\/blogdoedvaldomagalhaes.com.br\/index.php\/wp-json\/wp\/v2\/posts\/59780\/revisions"}],"predecessor-version":[{"id":59783,"href":"https:\/\/blogdoedvaldomagalhaes.com.br\/index.php\/wp-json\/wp\/v2\/posts\/59780\/revisions\/59783"}],"wp:featuredmedia":[{"embeddable":true,"href":"https:\/\/blogdoedvaldomagalhaes.com.br\/index.php\/wp-json\/wp\/v2\/media\/59781"}],"wp:attachment":[{"href":"https:\/\/blogdoedvaldomagalhaes.com.br\/index.php\/wp-json\/wp\/v2\/media?parent=59780"}],"wp:term":[{"taxonomy":"category","embeddable":true,"href":"https:\/\/blogdoedvaldomagalhaes.com.br\/index.php\/wp-json\/wp\/v2\/categories?post=59780"},{"taxonomy":"post_tag","embeddable":true,"href":"https:\/\/blogdoedvaldomagalhaes.com.br\/index.php\/wp-json\/wp\/v2\/tags?post=59780"}],"curies":[{"name":"wp","href":"https:\/\/api.w.org\/{rel}","templated":true}]}}