{"id":59770,"date":"2020-08-05T20:49:23","date_gmt":"2020-08-05T23:49:23","guid":{"rendered":"https:\/\/blogdoedvaldomagalhaes.com.br\/?p=59770"},"modified":"2020-08-05T21:00:59","modified_gmt":"2020-08-06T00:00:59","slug":"dois-acidentes-de-transito-na-pe-90-entre-vertentes-e-toritama-nesta-quarta-feira-5","status":"publish","type":"post","link":"https:\/\/blogdoedvaldomagalhaes.com.br\/index.php\/2020\/08\/05\/dois-acidentes-de-transito-na-pe-90-entre-vertentes-e-toritama-nesta-quarta-feira-5\/","title":{"rendered":"Dois acidentes de tr\u00e2nsito na PE-90 entre Vertentes e Toritama nesta quarta-feira (5)"},"content":{"rendered":"<p style=\"text-align: justify;\">O\u00a0primeiro acidente ocorreu por volta das 9h40 da manh\u00e3 desta quarta-feira (4), sendo uma colis\u00e3o entre uma van e um caminh\u00e3o onde deixando uma pessoa ferida, o fato ocorreu no quil\u00f4metro 104 da rodovia PE 90, pr\u00f3ximo a ponte do Riacho Travessia (limite entre os munic\u00edpios de Toritama e Vertentes).<\/p>\n<p style=\"text-align: justify;\">De acordo com a Guarda Municipal, com a colis\u00e3o o motorista da van ficou preso nas ferragens, e foi resgatado pelo Corpo de Bombeiros e encaminhado ao Hospital Municipal Nossa Senhora de F\u00e1tima e devido aos ferimentos e a constata\u00e7\u00e3o de fratura no f\u00eamur foi encaminhado para um hospital particular na cidade de Campina Grande, onde foi operado no in\u00edcio da noite.<\/p>\n<p style=\"text-align: justify;\">J\u00e1 o motorista e o passageiro do caminh\u00e3o, n\u00e3o sofreram nenhum ferimento, s\u00f3 o susto.<\/p>\n<p style=\"text-align: justify;\">O caminh\u00e3o ba\u00fa (que estava carregando estivas) da Mercedes-Benz de cor branca e placas KGJ 3431 pertencente a uma empresa de g\u00eaneros aliment\u00edcios e estivas. Enquanto a van da Peogeot tamb\u00e9m de cor branca e placas LSX 1299 de Toritama, pertencente ao motorista de transporte alternativo (motorista que faz a pra\u00e7a Toritama\/Caruaru) por nome Ant\u00f4nio conhecido como Toinho Juquinha. O\u00a0mesmo ficou preso as ferragens e foi socorrido pelas equipes do SAMU e do Corpo de Bombeiros.<\/p>\n<p style=\"text-align: justify;\">Ainda segundo as informa\u00e7\u00f5es colhidas no local, o causador do acidente foi um motociclista que seguia numa moto cinquentinha e mais duas crian\u00e7as (eram tr\u00eas pessoas numa moto 50cc) que trafegava pelo acostamento da rodovia quando entrou de repente na via de rolagem, da\u00ed o motorista do caminh\u00e3o fez uma manobra brusca pra evitar bater na motocicleta e acabou batendo na van.\u00a0 Ap\u00f3s\u00a0o acidente o motociclista e seus passageiros se evadiram do local sem serem identificados.<\/p>\n\n\n<figure class=\"wp-block-image size-large\"><img loading=\"lazy\" decoding=\"async\" width=\"768\" height=\"1024\" src=\"https:\/\/blogdoedvaldomagalhaes.com.br\/wp-content\/uploads\/2020\/08\/IMG-20200805-WA0188-768x1024.jpg\" alt=\"\" class=\"wp-image-59771\" srcset=\"https:\/\/blogdoedvaldomagalhaes.com.br\/wp-content\/uploads\/2020\/08\/IMG-20200805-WA0188-768x1024.jpg 768w, https:\/\/blogdoedvaldomagalhaes.com.br\/wp-content\/uploads\/2020\/08\/IMG-20200805-WA0188-225x300.jpg 225w, https:\/\/blogdoedvaldomagalhaes.com.br\/wp-content\/uploads\/2020\/08\/IMG-20200805-WA0188.jpg 960w\" sizes=\"auto, (max-width: 768px) 100vw, 768px\" \/><\/figure>\n\n\n\n<figure class=\"wp-block-image size-large\"><img loading=\"lazy\" decoding=\"async\" width=\"768\" height=\"1024\" src=\"https:\/\/blogdoedvaldomagalhaes.com.br\/wp-content\/uploads\/2020\/08\/IMG-20200805-WA0187-768x1024.jpg\" alt=\"\" class=\"wp-image-59772\" srcset=\"https:\/\/blogdoedvaldomagalhaes.com.br\/wp-content\/uploads\/2020\/08\/IMG-20200805-WA0187-768x1024.jpg 768w, https:\/\/blogdoedvaldomagalhaes.com.br\/wp-content\/uploads\/2020\/08\/IMG-20200805-WA0187-225x300.jpg 225w, https:\/\/blogdoedvaldomagalhaes.com.br\/wp-content\/uploads\/2020\/08\/IMG-20200805-WA0187.jpg 960w\" sizes=\"auto, (max-width: 768px) 100vw, 768px\" \/><\/figure>\n\n\n<p style=\"text-align: justify;\">O segundo acidente desta quarta-feira (05), ocorreu por volta das 15h30, quando um ve\u00edculo Fiat Uno Way de cor prata e placas PFA-8102 de Toritama capotou no Km 100 da rodovia PE 90, em Vertentes, no Agreste de Pernambuco. De acordo com as informa\u00e7\u00f5es colhidas no local, o ve\u00edculo seguia sentindo Toritama, quando a motorista perdeu o controle do ve\u00edculo ap\u00f3s o carro cair num dos buracos existentes na via de rolamento.<\/p>\n<p style=\"text-align: justify;\">Segundo as pessoas que passavam pelo local no momento do acidente, informou que ap\u00f3s o capotamento, o carro foi lan\u00e7ado para o acostamento da m\u00e3o contr\u00e1ria, onde ficou parado. Por sorte no momento n\u00e3o vinha carro na dire\u00e7\u00e3o contr\u00e1ria. A condutora do ve\u00edculo e a passageira (que n\u00e3o tiveram os nomes informados), ficaram levemente feridas e foram encaminhados para o Hospital Municipal Nossa Senhora de F\u00e1tima, no munic\u00edpio de Toritama. Ainda segundo informa\u00e7\u00f5es, as v\u00edtimas s\u00e3o funcion\u00e1rias p\u00fablicas na \u00e1rea da sa\u00fade p\u00fablica em Toritama.<\/p>\n<p>Informa\u00e7\u00f5es e fotos: Wendell Galdino.<\/p>\n\n\n<figure class=\"wp-block-image size-large\"><img loading=\"lazy\" decoding=\"async\" width=\"1024\" height=\"576\" src=\"https:\/\/blogdoedvaldomagalhaes.com.br\/wp-content\/uploads\/2020\/08\/IMG-20200805-WA0192-1024x576.jpg\" alt=\"\" class=\"wp-image-59773\" srcset=\"https:\/\/blogdoedvaldomagalhaes.com.br\/wp-content\/uploads\/2020\/08\/IMG-20200805-WA0192-1024x576.jpg 1024w, https:\/\/blogdoedvaldomagalhaes.com.br\/wp-content\/uploads\/2020\/08\/IMG-20200805-WA0192-300x169.jpg 300w, https:\/\/blogdoedvaldomagalhaes.com.br\/wp-content\/uploads\/2020\/08\/IMG-20200805-WA0192-768x432.jpg 768w, https:\/\/blogdoedvaldomagalhaes.com.br\/wp-content\/uploads\/2020\/08\/IMG-20200805-WA0192-720x405.jpg 720w, https:\/\/blogdoedvaldomagalhaes.com.br\/wp-content\/uploads\/2020\/08\/IMG-20200805-WA0192.jpg 1032w\" sizes=\"auto, (max-width: 1024px) 100vw, 1024px\" \/><\/figure>\n\n\n\n<figure class=\"wp-block-image size-large\"><img loading=\"lazy\" decoding=\"async\" width=\"1024\" height=\"497\" src=\"https:\/\/blogdoedvaldomagalhaes.com.br\/wp-content\/uploads\/2020\/08\/IMG-20200805-WA0191-1024x497.jpg\" alt=\"\" class=\"wp-image-59776\" srcset=\"https:\/\/blogdoedvaldomagalhaes.com.br\/wp-content\/uploads\/2020\/08\/IMG-20200805-WA0191-1024x497.jpg 1024w, https:\/\/blogdoedvaldomagalhaes.com.br\/wp-content\/uploads\/2020\/08\/IMG-20200805-WA0191-300x146.jpg 300w, https:\/\/blogdoedvaldomagalhaes.com.br\/wp-content\/uploads\/2020\/08\/IMG-20200805-WA0191-768x373.jpg 768w, https:\/\/blogdoedvaldomagalhaes.com.br\/wp-content\/uploads\/2020\/08\/IMG-20200805-WA0191.jpg 1280w\" sizes=\"auto, (max-width: 1024px) 100vw, 1024px\" \/><\/figure>\n","protected":false},"excerpt":{"rendered":"<p>O\u00a0primeiro acidente ocorreu por volta das 9h40 da manh\u00e3 desta quarta-feira (4), sendo uma colis\u00e3o entre uma van e um&hellip;<\/p>\n","protected":false},"author":1,"featured_media":59775,"comment_status":"open","ping_status":"open","sticky":false,"template":"","format":"standard","meta":{"footnotes":""},"categories":[14120],"tags":[16881,19138],"class_list":["post-59770","post","type-post","status-publish","format-standard","has-post-thumbnail","hentry","category-noticias","tag-caruaru-e-regiao","tag-dois-acidentes-de-transito-na-pe-90-entre-vertentes-e-toritama-nesta-quarta-feira-5"],"_links":{"self":[{"href":"https:\/\/blogdoedvaldomagalhaes.com.br\/index.php\/wp-json\/wp\/v2\/posts\/59770","targetHints":{"allow":["GET"]}}],"collection":[{"href":"https:\/\/blogdoedvaldomagalhaes.com.br\/index.php\/wp-json\/wp\/v2\/posts"}],"about":[{"href":"https:\/\/blogdoedvaldomagalhaes.com.br\/index.php\/wp-json\/wp\/v2\/types\/post"}],"author":[{"embeddable":true,"href":"https:\/\/blogdoedvaldomagalhaes.com.br\/index.php\/wp-json\/wp\/v2\/users\/1"}],"replies":[{"embeddable":true,"href":"https:\/\/blogdoedvaldomagalhaes.com.br\/index.php\/wp-json\/wp\/v2\/comments?post=59770"}],"version-history":[{"count":3,"href":"https:\/\/blogdoedvaldomagalhaes.com.br\/index.php\/wp-json\/wp\/v2\/posts\/59770\/revisions"}],"predecessor-version":[{"id":59779,"href":"https:\/\/blogdoedvaldomagalhaes.com.br\/index.php\/wp-json\/wp\/v2\/posts\/59770\/revisions\/59779"}],"wp:featuredmedia":[{"embeddable":true,"href":"https:\/\/blogdoedvaldomagalhaes.com.br\/index.php\/wp-json\/wp\/v2\/media\/59775"}],"wp:attachment":[{"href":"https:\/\/blogdoedvaldomagalhaes.com.br\/index.php\/wp-json\/wp\/v2\/media?parent=59770"}],"wp:term":[{"taxonomy":"category","embeddable":true,"href":"https:\/\/blogdoedvaldomagalhaes.com.br\/index.php\/wp-json\/wp\/v2\/categories?post=59770"},{"taxonomy":"post_tag","embeddable":true,"href":"https:\/\/blogdoedvaldomagalhaes.com.br\/index.php\/wp-json\/wp\/v2\/tags?post=59770"}],"curies":[{"name":"wp","href":"https:\/\/api.w.org\/{rel}","templated":true}]}}