{"id":59763,"date":"2020-08-05T18:39:03","date_gmt":"2020-08-05T21:39:03","guid":{"rendered":"https:\/\/blogdoedvaldomagalhaes.com.br\/?p=59763"},"modified":"2020-08-05T18:39:10","modified_gmt":"2020-08-05T21:39:10","slug":"mais-tres-escolas-municipais-de-caruaru-irao-distribuir-kits-alimentares-a-partir-desta-quinta-6","status":"publish","type":"post","link":"https:\/\/blogdoedvaldomagalhaes.com.br\/index.php\/2020\/08\/05\/mais-tres-escolas-municipais-de-caruaru-irao-distribuir-kits-alimentares-a-partir-desta-quinta-6\/","title":{"rendered":"Mais tr\u00eas escolas municipais de Caruaru ir\u00e3o distribuir kits alimentares a partir desta quinta (6)"},"content":{"rendered":"<p style=\"text-align: justify;\"><span style=\"font-size: inherit;\">A Secretaria de Educa\u00e7\u00e3o de Caruaru (Seduc) entra na reta final desta remessa de entregas dos kits alimentares, a partir desta quinta-feira (6). Desta vez, para as seguintes unidades de ensino: Escola Municipal Deputada Cristina Tavares; Escola Municipal Professor Leudo Valen\u00e7a e Escola Municipal Professora Margarida Miranda.<\/span><\/p>\n<p style=\"text-align: justify;\">A entrega ser\u00e1 das 9h \u00e0s 16h, cabendo aos pais e\/ou respons\u00e1veis pelos alunos seguir as recomenda\u00e7\u00f5es da dire\u00e7\u00e3o das escolas em rela\u00e7\u00e3o ao hor\u00e1rio espec\u00edfico, bem como as medidas de seguran\u00e7a necess\u00e1rias para a preven\u00e7\u00e3o do novo coronav\u00edrus (m\u00e1scara, distanciamento, higieniza\u00e7\u00e3o das m\u00e3os).<\/p>\n<p style=\"text-align: justify;\">*REMANESCENTES-* Aos pais e\/ou respons\u00e1veis pelos alunos que n\u00e3o conseguiram comparecer esta semana nas unidades escolares, a Seduc informa que as escolas j\u00e1 convocadas ir\u00e3o distribuir os kits alimentares tamb\u00e9m neste s\u00e1bado (8). Aos que n\u00e3o puderam comparecer neste per\u00edodo, podem buscar o kit alimentar na Secretaria de Educa\u00e7\u00e3o de Caruaru.<\/p>\n","protected":false},"excerpt":{"rendered":"<p>A Secretaria de Educa\u00e7\u00e3o de Caruaru (Seduc) entra na reta final desta remessa de entregas dos kits alimentares, a partir&hellip;<\/p>\n","protected":false},"author":1,"featured_media":59764,"comment_status":"open","ping_status":"open","sticky":false,"template":"","format":"standard","meta":{"footnotes":""},"categories":[14120],"tags":[2,17948,19135],"class_list":["post-59763","post","type-post","status-publish","format-standard","has-post-thumbnail","hentry","category-noticias","tag-blog-do-edvaldo-magalhaes","tag-coronavirus-2","tag-mais-tres-escolas-municipais-de-caruaru-irao-distribuir-kits-alimentares-a-partir-desta-quinta-6"],"_links":{"self":[{"href":"https:\/\/blogdoedvaldomagalhaes.com.br\/index.php\/wp-json\/wp\/v2\/posts\/59763","targetHints":{"allow":["GET"]}}],"collection":[{"href":"https:\/\/blogdoedvaldomagalhaes.com.br\/index.php\/wp-json\/wp\/v2\/posts"}],"about":[{"href":"https:\/\/blogdoedvaldomagalhaes.com.br\/index.php\/wp-json\/wp\/v2\/types\/post"}],"author":[{"embeddable":true,"href":"https:\/\/blogdoedvaldomagalhaes.com.br\/index.php\/wp-json\/wp\/v2\/users\/1"}],"replies":[{"embeddable":true,"href":"https:\/\/blogdoedvaldomagalhaes.com.br\/index.php\/wp-json\/wp\/v2\/comments?post=59763"}],"version-history":[{"count":1,"href":"https:\/\/blogdoedvaldomagalhaes.com.br\/index.php\/wp-json\/wp\/v2\/posts\/59763\/revisions"}],"predecessor-version":[{"id":59765,"href":"https:\/\/blogdoedvaldomagalhaes.com.br\/index.php\/wp-json\/wp\/v2\/posts\/59763\/revisions\/59765"}],"wp:featuredmedia":[{"embeddable":true,"href":"https:\/\/blogdoedvaldomagalhaes.com.br\/index.php\/wp-json\/wp\/v2\/media\/59764"}],"wp:attachment":[{"href":"https:\/\/blogdoedvaldomagalhaes.com.br\/index.php\/wp-json\/wp\/v2\/media?parent=59763"}],"wp:term":[{"taxonomy":"category","embeddable":true,"href":"https:\/\/blogdoedvaldomagalhaes.com.br\/index.php\/wp-json\/wp\/v2\/categories?post=59763"},{"taxonomy":"post_tag","embeddable":true,"href":"https:\/\/blogdoedvaldomagalhaes.com.br\/index.php\/wp-json\/wp\/v2\/tags?post=59763"}],"curies":[{"name":"wp","href":"https:\/\/api.w.org\/{rel}","templated":true}]}}