{"id":59755,"date":"2020-08-05T15:52:38","date_gmt":"2020-08-05T18:52:38","guid":{"rendered":"https:\/\/blogdoedvaldomagalhaes.com.br\/?p=59755"},"modified":"2020-08-05T18:13:35","modified_gmt":"2020-08-05T21:13:35","slug":"casal-e-detido-na-br-232-pelo-transporte-ilegal-de-29-passaros-silvestres-sem-agua-ou-alimento","status":"publish","type":"post","link":"https:\/\/blogdoedvaldomagalhaes.com.br\/index.php\/2020\/08\/05\/casal-e-detido-na-br-232-pelo-transporte-ilegal-de-29-passaros-silvestres-sem-agua-ou-alimento\/","title":{"rendered":"Casal \u00e9 detido na BR 232 pelo transporte ilegal de 29 p\u00e1ssaros silvestres sem \u00e1gua ou alimento"},"content":{"rendered":"<p style=\"text-align: justify;\"><span style=\"font-size: inherit;\">Um casal que transportava ilegalmente 29 p\u00e1ssaros silvestres, foi detido na ter\u00e7a-feira (04), pela Pol\u00edcia Rodovi\u00e1ria Federal (PRF), na BR 232, em S\u00e3o Caetano, no Agreste de Pernambuco. As aves eram transportadas em tr\u00eas gaiolas pequenas, no porta-malas de um carro.<\/span><\/p>\n<p style=\"text-align: justify;\">Durante uma fiscaliza\u00e7\u00e3o no posto da PRF, no quil\u00f4metro 145 da rodovia, os policiais abordaram um ve\u00edculo e durante a vistoria foram encontrados 21 Papa-capins, dois Galos de Campina, um Sanha\u00e7u-azul, tr\u00eas Azul\u00f5es e dois Concrizes.<\/p>\n<p style=\"text-align: justify;\">O motorista informou que havia adquirido as aves em uma feira popular de S\u00e3o Caetano pelo valor de R$ 600,00 reais, para revender nas cidades de Caruaru, no Agreste e Vit\u00f3ria de Santo Ant\u00e3o, na Zona da Mata.<\/p>\n<p style=\"text-align: justify;\">Foi lavrado um Termo Circunstanciado de Ocorr\u00eancia (TCO), tendo o casal se comprometido a comparecer em ju\u00edzo. Eles podem responder por tr\u00e1fico de animas silvestres e maus-tratos, nos termos da Lei de Crimes Ambientais n\u00ba 9.605.<\/p>\n<p style=\"text-align: justify;\">As aves e o ve\u00edculo foram entregues \u00e0 Ag\u00eancia Estadual de Meio Ambiente (CPRH), para a ado\u00e7\u00e3o dos procedimentos legais.<\/p>\n\n\n<figure class=\"wp-block-image size-large\"><img loading=\"lazy\" decoding=\"async\" width=\"1024\" height=\"572\" src=\"https:\/\/blogdoedvaldomagalhaes.com.br\/wp-content\/uploads\/2020\/08\/IMG-20200805-WA0119-1024x572.jpg\" alt=\"\" class=\"wp-image-59761\" srcset=\"https:\/\/blogdoedvaldomagalhaes.com.br\/wp-content\/uploads\/2020\/08\/IMG-20200805-WA0119-1024x572.jpg 1024w, https:\/\/blogdoedvaldomagalhaes.com.br\/wp-content\/uploads\/2020\/08\/IMG-20200805-WA0119-300x167.jpg 300w, https:\/\/blogdoedvaldomagalhaes.com.br\/wp-content\/uploads\/2020\/08\/IMG-20200805-WA0119-768x429.jpg 768w, https:\/\/blogdoedvaldomagalhaes.com.br\/wp-content\/uploads\/2020\/08\/IMG-20200805-WA0119.jpg 1288w\" sizes=\"auto, (max-width: 1024px) 100vw, 1024px\" \/><figcaption>Fotos: PRF\/Divulga\u00e7\u00e3o<\/figcaption><\/figure>\n","protected":false},"excerpt":{"rendered":"<p>Um casal que transportava ilegalmente 29 p\u00e1ssaros silvestres, foi detido na ter\u00e7a-feira (04), pela Pol\u00edcia Rodovi\u00e1ria Federal (PRF), na BR&hellip;<\/p>\n","protected":false},"author":1,"featured_media":59756,"comment_status":"open","ping_status":"open","sticky":false,"template":"","format":"standard","meta":{"footnotes":""},"categories":[14121],"tags":[2,19134],"class_list":["post-59755","post","type-post","status-publish","format-standard","has-post-thumbnail","hentry","category-policial","tag-blog-do-edvaldo-magalhaes","tag-casal-e-detido-na-br-232-pelo-transporte-ilegal-de-29-passaros-silvestres-sem-agua-ou-alimento"],"_links":{"self":[{"href":"https:\/\/blogdoedvaldomagalhaes.com.br\/index.php\/wp-json\/wp\/v2\/posts\/59755","targetHints":{"allow":["GET"]}}],"collection":[{"href":"https:\/\/blogdoedvaldomagalhaes.com.br\/index.php\/wp-json\/wp\/v2\/posts"}],"about":[{"href":"https:\/\/blogdoedvaldomagalhaes.com.br\/index.php\/wp-json\/wp\/v2\/types\/post"}],"author":[{"embeddable":true,"href":"https:\/\/blogdoedvaldomagalhaes.com.br\/index.php\/wp-json\/wp\/v2\/users\/1"}],"replies":[{"embeddable":true,"href":"https:\/\/blogdoedvaldomagalhaes.com.br\/index.php\/wp-json\/wp\/v2\/comments?post=59755"}],"version-history":[{"count":2,"href":"https:\/\/blogdoedvaldomagalhaes.com.br\/index.php\/wp-json\/wp\/v2\/posts\/59755\/revisions"}],"predecessor-version":[{"id":59762,"href":"https:\/\/blogdoedvaldomagalhaes.com.br\/index.php\/wp-json\/wp\/v2\/posts\/59755\/revisions\/59762"}],"wp:featuredmedia":[{"embeddable":true,"href":"https:\/\/blogdoedvaldomagalhaes.com.br\/index.php\/wp-json\/wp\/v2\/media\/59756"}],"wp:attachment":[{"href":"https:\/\/blogdoedvaldomagalhaes.com.br\/index.php\/wp-json\/wp\/v2\/media?parent=59755"}],"wp:term":[{"taxonomy":"category","embeddable":true,"href":"https:\/\/blogdoedvaldomagalhaes.com.br\/index.php\/wp-json\/wp\/v2\/categories?post=59755"},{"taxonomy":"post_tag","embeddable":true,"href":"https:\/\/blogdoedvaldomagalhaes.com.br\/index.php\/wp-json\/wp\/v2\/tags?post=59755"}],"curies":[{"name":"wp","href":"https:\/\/api.w.org\/{rel}","templated":true}]}}