{"id":59745,"date":"2020-08-05T14:58:55","date_gmt":"2020-08-05T17:58:55","guid":{"rendered":"https:\/\/blogdoedvaldomagalhaes.com.br\/?p=59745"},"modified":"2020-08-05T14:59:03","modified_gmt":"2020-08-05T17:59:03","slug":"tony-gel-sinaliza-candidatura-e-fala-em-duas-possiveis-propostas-para-o-plano-de-governo","status":"publish","type":"post","link":"https:\/\/blogdoedvaldomagalhaes.com.br\/index.php\/2020\/08\/05\/tony-gel-sinaliza-candidatura-e-fala-em-duas-possiveis-propostas-para-o-plano-de-governo\/","title":{"rendered":"Tony Gel sinaliza candidatura e fala em duas poss\u00edveis propostas para o plano de governo"},"content":{"rendered":"<p style=\"text-align: justify;\">Durante entrevista para uma emissora de r\u00e1dio de Caruaru, na manh\u00e3 desta quarta-feira (05), o Deputado Estadual Tony Gel (MDB), sinalizou que dever\u00e1 ser candidato \u00e0 prefeito nas elei\u00e7\u00f5es deste ano, inclusive falou de duas poss\u00edveis propostas para o seu plano de governo.<\/p>\n<p style=\"text-align: justify;\">Em sua fala, o parlamentar anunciou que confirmando sua candidatura existem duas ideias que ser\u00e3o metas de sua gest\u00e3o: implanta\u00e7\u00e3o de dois novos hospitais na rede municipal. Um dedicado \u00e0 pessoa idosa com todas as especialidades necess\u00e1rias e um outro s\u00f3 para atender crian\u00e7as.<\/p>\n<p style=\"text-align: justify;\">&#8220;Ser\u00e3o duas unidades de responsabilidade total do munic\u00edpio, o hospital da pessoa idosa, voltado exclusivamente para os idosos e o hospital da crian\u00e7a com atendimento do rec\u00e9m-nascido at\u00e9 os 16 anos&#8221; disse Tony Gel.<\/p>\n<p style=\"text-align: justify;\">Sobre poss\u00edvel uni\u00e3o com grupos ligados ao Pal\u00e1cio do Campo das Princesas, o deputado informou que o governador Paulo C\u00e2mara nunca falou com ele sobre este assunto e que todos s\u00e3o livres para entrar ou n\u00e3o na disputa.<\/p>\n","protected":false},"excerpt":{"rendered":"<p>Durante entrevista para uma emissora de r\u00e1dio de Caruaru, na manh\u00e3 desta quarta-feira (05), o Deputado Estadual Tony Gel (MDB),&hellip;<\/p>\n","protected":false},"author":1,"featured_media":59746,"comment_status":"open","ping_status":"open","sticky":false,"template":"","format":"standard","meta":{"footnotes":""},"categories":[14122],"tags":[2,16881,19133],"class_list":["post-59745","post","type-post","status-publish","format-standard","has-post-thumbnail","hentry","category-politica","tag-blog-do-edvaldo-magalhaes","tag-caruaru-e-regiao","tag-tony-gel-sinaliza-candidatura-e-fala-em-duas-possiveis-propostas-para-o-plano-de-governo"],"_links":{"self":[{"href":"https:\/\/blogdoedvaldomagalhaes.com.br\/index.php\/wp-json\/wp\/v2\/posts\/59745","targetHints":{"allow":["GET"]}}],"collection":[{"href":"https:\/\/blogdoedvaldomagalhaes.com.br\/index.php\/wp-json\/wp\/v2\/posts"}],"about":[{"href":"https:\/\/blogdoedvaldomagalhaes.com.br\/index.php\/wp-json\/wp\/v2\/types\/post"}],"author":[{"embeddable":true,"href":"https:\/\/blogdoedvaldomagalhaes.com.br\/index.php\/wp-json\/wp\/v2\/users\/1"}],"replies":[{"embeddable":true,"href":"https:\/\/blogdoedvaldomagalhaes.com.br\/index.php\/wp-json\/wp\/v2\/comments?post=59745"}],"version-history":[{"count":1,"href":"https:\/\/blogdoedvaldomagalhaes.com.br\/index.php\/wp-json\/wp\/v2\/posts\/59745\/revisions"}],"predecessor-version":[{"id":59747,"href":"https:\/\/blogdoedvaldomagalhaes.com.br\/index.php\/wp-json\/wp\/v2\/posts\/59745\/revisions\/59747"}],"wp:featuredmedia":[{"embeddable":true,"href":"https:\/\/blogdoedvaldomagalhaes.com.br\/index.php\/wp-json\/wp\/v2\/media\/59746"}],"wp:attachment":[{"href":"https:\/\/blogdoedvaldomagalhaes.com.br\/index.php\/wp-json\/wp\/v2\/media?parent=59745"}],"wp:term":[{"taxonomy":"category","embeddable":true,"href":"https:\/\/blogdoedvaldomagalhaes.com.br\/index.php\/wp-json\/wp\/v2\/categories?post=59745"},{"taxonomy":"post_tag","embeddable":true,"href":"https:\/\/blogdoedvaldomagalhaes.com.br\/index.php\/wp-json\/wp\/v2\/tags?post=59745"}],"curies":[{"name":"wp","href":"https:\/\/api.w.org\/{rel}","templated":true}]}}