{"id":59742,"date":"2020-08-05T13:28:22","date_gmt":"2020-08-05T16:28:22","guid":{"rendered":"https:\/\/blogdoedvaldomagalhaes.com.br\/?p=59742"},"modified":"2020-08-05T16:09:59","modified_gmt":"2020-08-05T19:09:59","slug":"hilario-paulo-sela-uniao-com-pcdob-de-dr-edson-e-o-pre-candidato-a-vice-prefeito-e-frailan-mota","status":"publish","type":"post","link":"https:\/\/blogdoedvaldomagalhaes.com.br\/index.php\/2020\/08\/05\/hilario-paulo-sela-uniao-com-pcdob-de-dr-edson-e-o-pre-candidato-a-vice-prefeito-e-frailan-mota\/","title":{"rendered":"Hilario Paulo pode selar uni\u00e3o com PCdoB de Dr. Edson e o pr\u00e9-candidato a vice-prefeito poder\u00e1 ser Frailan Mota"},"content":{"rendered":"<p style=\"text-align: justify;\">Um encontro liderado pelo prefeito de Santa Cruz do Capibaribe Edson Vieira, reuniu os principais l\u00edderes do partido como o prefeito Hil\u00e1rio Paulo, o ex-prefeito Dr. Edson Souza e vereadores.<\/p>\n<p style=\"text-align: justify;\">De acordo com as informa\u00e7\u00f5es, a reuni\u00e3o teve o objetivo de dar uma tr\u00e9gua nas disputas enfrentadas pelo grupo que vinha vivenciando uma indefini\u00e7\u00e3o com rela\u00e7\u00e3o ao apoio \u00e0 reelei\u00e7\u00e3o de Hil\u00e1rio Paulo. Est\u00e1 tudo caminhando para que tenha apenas uma candidatura.<\/p>\n<p style=\"text-align: justify;\">Todo grupo chegou a conclus\u00e3o de que, com duas candidaturas n\u00e3o vence as elei\u00e7\u00f5es, que deve ter como advers\u00e1rios o ex-prefeito Roberto Asfora, Rubinho Nunes e Josevaldo.<\/p>\n<p style=\"text-align: justify;\">Frailan Mota, assessor do secret\u00e1rio de Sa\u00fade de Dr. Edson Souza, poder\u00e1 ficar com a vaga de vice-prefeito na chapa liderada por Hil\u00e1rio Paulo, mas, at\u00e9 agora nada est\u00e1 definido.<\/p>\n<p style=\"text-align: justify;\">Edson Vieira \u2013 Com hist\u00f3rico de l\u00edder pol\u00edtico e um dos mais articulados do Agreste de Pernambuco, o prefeito de Santa Cruz vem se destacando diante deste cen\u00e1rio no Brejo. Edson Vieira foi o respons\u00e1vel por alinhar o discurso do grupo e afinar a viola que estava descompassada. Vieira segue engajado na sua poss\u00edvel candidatura a deputado federal em 2022, e para isso precisa fazer o dever de casa, e na casa dos outros, como \u00e9 a indefini\u00e7\u00e3o do Brejo da Madre de Deus.<\/p>\n","protected":false},"excerpt":{"rendered":"<p>Um encontro liderado pelo prefeito de Santa Cruz do Capibaribe Edson Vieira, reuniu os principais l\u00edderes do partido como o&hellip;<\/p>\n","protected":false},"author":1,"featured_media":59744,"comment_status":"open","ping_status":"open","sticky":false,"template":"","format":"standard","meta":{"footnotes":""},"categories":[14122],"tags":[2,4354,16881,19132],"class_list":["post-59742","post","type-post","status-publish","format-standard","has-post-thumbnail","hentry","category-politica","tag-blog-do-edvaldo-magalhaes","tag-brejo-da-madre-de-deus","tag-caruaru-e-regiao","tag-hilario-paulo-sela-uniao-com-pcdob-de-dr-edson-e-o-pre-candidato-a-vice-prefeito-e-frailan-mota"],"_links":{"self":[{"href":"https:\/\/blogdoedvaldomagalhaes.com.br\/index.php\/wp-json\/wp\/v2\/posts\/59742","targetHints":{"allow":["GET"]}}],"collection":[{"href":"https:\/\/blogdoedvaldomagalhaes.com.br\/index.php\/wp-json\/wp\/v2\/posts"}],"about":[{"href":"https:\/\/blogdoedvaldomagalhaes.com.br\/index.php\/wp-json\/wp\/v2\/types\/post"}],"author":[{"embeddable":true,"href":"https:\/\/blogdoedvaldomagalhaes.com.br\/index.php\/wp-json\/wp\/v2\/users\/1"}],"replies":[{"embeddable":true,"href":"https:\/\/blogdoedvaldomagalhaes.com.br\/index.php\/wp-json\/wp\/v2\/comments?post=59742"}],"version-history":[{"count":10,"href":"https:\/\/blogdoedvaldomagalhaes.com.br\/index.php\/wp-json\/wp\/v2\/posts\/59742\/revisions"}],"predecessor-version":[{"id":59760,"href":"https:\/\/blogdoedvaldomagalhaes.com.br\/index.php\/wp-json\/wp\/v2\/posts\/59742\/revisions\/59760"}],"wp:featuredmedia":[{"embeddable":true,"href":"https:\/\/blogdoedvaldomagalhaes.com.br\/index.php\/wp-json\/wp\/v2\/media\/59744"}],"wp:attachment":[{"href":"https:\/\/blogdoedvaldomagalhaes.com.br\/index.php\/wp-json\/wp\/v2\/media?parent=59742"}],"wp:term":[{"taxonomy":"category","embeddable":true,"href":"https:\/\/blogdoedvaldomagalhaes.com.br\/index.php\/wp-json\/wp\/v2\/categories?post=59742"},{"taxonomy":"post_tag","embeddable":true,"href":"https:\/\/blogdoedvaldomagalhaes.com.br\/index.php\/wp-json\/wp\/v2\/tags?post=59742"}],"curies":[{"name":"wp","href":"https:\/\/api.w.org\/{rel}","templated":true}]}}