{"id":59739,"date":"2020-08-05T11:53:38","date_gmt":"2020-08-05T14:53:38","guid":{"rendered":"https:\/\/blogdoedvaldomagalhaes.com.br\/?p=59739"},"modified":"2020-08-05T11:53:45","modified_gmt":"2020-08-05T14:53:45","slug":"passou-da-hora-de-retomar-as-atividades-da-sulanca-declara-lessa","status":"publish","type":"post","link":"https:\/\/blogdoedvaldomagalhaes.com.br\/index.php\/2020\/08\/05\/passou-da-hora-de-retomar-as-atividades-da-sulanca-declara-lessa\/","title":{"rendered":"\u201cPassou da hora de retomar as atividades da Sulanca\u201d, declara Lessa"},"content":{"rendered":"<p style=\"text-align: justify;\">Diante das indefini\u00e7\u00f5es em torno do futuro das feiras que comp\u00f5em o Polo de Confec\u00e7\u00f5es do Agreste, o deputado estadual Delegado Lessa reiterou seu posicionamento de que essas atividades comerciais sejam retomadas, adotando as medidas necess\u00e1rias de sa\u00fade e prote\u00e7\u00e3o. Em entrevista a um ve\u00edculo de comunica\u00e7\u00e3o, na ter\u00e7a-feira 04, o parlamentar afirmou que est\u00e1 intensificando a articula\u00e7\u00e3o junto ao poder executivo estadual para que as feiras sejam reabertas o mais breve poss\u00edvel.<\/p>\n<p style=\"text-align: justify;\">Ele observou que a comercializa\u00e7\u00e3o tem acontecido de maneira improvisada, com sulanqueiros expondo os produtos na m\u00e3o ou em malas de carro e sem seguir protocolos sanit\u00e1rios. \u201cS\u00e3o homens e mulheres que precisam trabalhar para sustentar suas fam\u00edlias. Passou da hora de retomar as atividades da feira, com orienta\u00e7\u00e3o, investimentos em pias coletivas, medidores de temperatura e fiscaliza\u00e7\u00e3o do uso de m\u00e1scaras\u201d, disse. \u201cSe dependesse de mim, a feira estaria aberta\u201d, complementou, esclarecendo que essas defini\u00e7\u00f5es devem ser tomadas pelo poder executivo.<\/p>\n<p style=\"text-align: justify;\">Ainda durante a entrevista, o deputado ressaltou o papel de relev\u00e2ncia dos feirantes na economia regional e demonstrou preocupa\u00e7\u00e3o com o \u00edndice de desemprego registrado em Caruaru \u2013 que ultrapassou a casa de 3 mil no primeiro semestre deste ano, segundo o Cadastro Geral de Empregados e Desempregados. No dia 24 de julho, Lessa organizou uma reuni\u00e3o da Comiss\u00e3o de Desenvolvimento Econ\u00f4mico e Turismo, da qual \u00e9 presidente, reunindo l\u00edderes de entidades do Polo T\u00eaxtil, secret\u00e1rios estaduais e representantes das prefeituras de Caruaru, Toritama e Santa Cruz do Capibaribe, solicitando a retomada respons\u00e1vel das feiras nesses munic\u00edpios.<\/p>\n<p style=\"text-align: justify;\">Foto: Viliane Gomes<\/p>\n","protected":false},"excerpt":{"rendered":"<p>Diante das indefini\u00e7\u00f5es em torno do futuro das feiras que comp\u00f5em o Polo de Confec\u00e7\u00f5es do Agreste, o deputado estadual&hellip;<\/p>\n","protected":false},"author":1,"featured_media":59740,"comment_status":"open","ping_status":"open","sticky":false,"template":"","format":"standard","meta":{"footnotes":""},"categories":[14122],"tags":[19131,16881,9402],"class_list":["post-59739","post","type-post","status-publish","format-standard","has-post-thumbnail","hentry","category-politica","tag-passou-da-hora-de-retomar-as-atividades-da-sulanca-declara-lessa","tag-caruaru-e-regiao","tag-erick-lessa"],"_links":{"self":[{"href":"https:\/\/blogdoedvaldomagalhaes.com.br\/index.php\/wp-json\/wp\/v2\/posts\/59739","targetHints":{"allow":["GET"]}}],"collection":[{"href":"https:\/\/blogdoedvaldomagalhaes.com.br\/index.php\/wp-json\/wp\/v2\/posts"}],"about":[{"href":"https:\/\/blogdoedvaldomagalhaes.com.br\/index.php\/wp-json\/wp\/v2\/types\/post"}],"author":[{"embeddable":true,"href":"https:\/\/blogdoedvaldomagalhaes.com.br\/index.php\/wp-json\/wp\/v2\/users\/1"}],"replies":[{"embeddable":true,"href":"https:\/\/blogdoedvaldomagalhaes.com.br\/index.php\/wp-json\/wp\/v2\/comments?post=59739"}],"version-history":[{"count":1,"href":"https:\/\/blogdoedvaldomagalhaes.com.br\/index.php\/wp-json\/wp\/v2\/posts\/59739\/revisions"}],"predecessor-version":[{"id":59741,"href":"https:\/\/blogdoedvaldomagalhaes.com.br\/index.php\/wp-json\/wp\/v2\/posts\/59739\/revisions\/59741"}],"wp:featuredmedia":[{"embeddable":true,"href":"https:\/\/blogdoedvaldomagalhaes.com.br\/index.php\/wp-json\/wp\/v2\/media\/59740"}],"wp:attachment":[{"href":"https:\/\/blogdoedvaldomagalhaes.com.br\/index.php\/wp-json\/wp\/v2\/media?parent=59739"}],"wp:term":[{"taxonomy":"category","embeddable":true,"href":"https:\/\/blogdoedvaldomagalhaes.com.br\/index.php\/wp-json\/wp\/v2\/categories?post=59739"},{"taxonomy":"post_tag","embeddable":true,"href":"https:\/\/blogdoedvaldomagalhaes.com.br\/index.php\/wp-json\/wp\/v2\/tags?post=59739"}],"curies":[{"name":"wp","href":"https:\/\/api.w.org\/{rel}","templated":true}]}}