{"id":59736,"date":"2020-08-05T10:59:37","date_gmt":"2020-08-05T13:59:37","guid":{"rendered":"https:\/\/blogdoedvaldomagalhaes.com.br\/?p=59736"},"modified":"2020-08-05T10:59:38","modified_gmt":"2020-08-05T13:59:38","slug":"vereadores-pedem-reabertura-da-feira-da-sulanca-de-caruaru-com-urgencia","status":"publish","type":"post","link":"https:\/\/blogdoedvaldomagalhaes.com.br\/index.php\/2020\/08\/05\/vereadores-pedem-reabertura-da-feira-da-sulanca-de-caruaru-com-urgencia\/","title":{"rendered":"Vereadores pedem reabertura da Feira da Sulanca de Caruaru com urg\u00eancia"},"content":{"rendered":"<p style=\"text-align: justify;\">Na reuni\u00e3o ordin\u00e1ria dessa ter\u00e7a-feira (04), a C\u00e2mara Municipal de Caruaru aprovou indica\u00e7\u00e3o de todos os vereadores pedindo a m\u00e1xima urg\u00eancia da reabertura da Feira da Sulanca, em meio \u00e0 pandemia do novo coronav\u00edrus. O presidente da Casa, Lula T\u00f4rres, afirmou que a retomada seria com os devidos protocolos de seguran\u00e7a j\u00e1 definidos pela Prefeitura de Caruaru.<\/p>\n","protected":false},"excerpt":{"rendered":"<p>Na reuni\u00e3o ordin\u00e1ria dessa ter\u00e7a-feira (04), a C\u00e2mara Municipal de Caruaru aprovou indica\u00e7\u00e3o de todos os vereadores pedindo a m\u00e1xima&hellip;<\/p>\n","protected":false},"author":1,"featured_media":59737,"comment_status":"open","ping_status":"open","sticky":false,"template":"","format":"standard","meta":{"footnotes":""},"categories":[14122],"tags":[2,17948,19130],"class_list":["post-59736","post","type-post","status-publish","format-standard","has-post-thumbnail","hentry","category-politica","tag-blog-do-edvaldo-magalhaes","tag-coronavirus-2","tag-vereadores-pedem-reabertura-da-feira-da-sulanca-de-caruaru-com-urgencia"],"_links":{"self":[{"href":"https:\/\/blogdoedvaldomagalhaes.com.br\/index.php\/wp-json\/wp\/v2\/posts\/59736","targetHints":{"allow":["GET"]}}],"collection":[{"href":"https:\/\/blogdoedvaldomagalhaes.com.br\/index.php\/wp-json\/wp\/v2\/posts"}],"about":[{"href":"https:\/\/blogdoedvaldomagalhaes.com.br\/index.php\/wp-json\/wp\/v2\/types\/post"}],"author":[{"embeddable":true,"href":"https:\/\/blogdoedvaldomagalhaes.com.br\/index.php\/wp-json\/wp\/v2\/users\/1"}],"replies":[{"embeddable":true,"href":"https:\/\/blogdoedvaldomagalhaes.com.br\/index.php\/wp-json\/wp\/v2\/comments?post=59736"}],"version-history":[{"count":1,"href":"https:\/\/blogdoedvaldomagalhaes.com.br\/index.php\/wp-json\/wp\/v2\/posts\/59736\/revisions"}],"predecessor-version":[{"id":59738,"href":"https:\/\/blogdoedvaldomagalhaes.com.br\/index.php\/wp-json\/wp\/v2\/posts\/59736\/revisions\/59738"}],"wp:featuredmedia":[{"embeddable":true,"href":"https:\/\/blogdoedvaldomagalhaes.com.br\/index.php\/wp-json\/wp\/v2\/media\/59737"}],"wp:attachment":[{"href":"https:\/\/blogdoedvaldomagalhaes.com.br\/index.php\/wp-json\/wp\/v2\/media?parent=59736"}],"wp:term":[{"taxonomy":"category","embeddable":true,"href":"https:\/\/blogdoedvaldomagalhaes.com.br\/index.php\/wp-json\/wp\/v2\/categories?post=59736"},{"taxonomy":"post_tag","embeddable":true,"href":"https:\/\/blogdoedvaldomagalhaes.com.br\/index.php\/wp-json\/wp\/v2\/tags?post=59736"}],"curies":[{"name":"wp","href":"https:\/\/api.w.org\/{rel}","templated":true}]}}