{"id":59731,"date":"2020-08-05T10:28:01","date_gmt":"2020-08-05T13:28:01","guid":{"rendered":"https:\/\/blogdoedvaldomagalhaes.com.br\/?p=59731"},"modified":"2020-08-05T10:28:07","modified_gmt":"2020-08-05T13:28:07","slug":"carro-roubado-com-400-macos-de-cigarro-e-apreendido-pela-prf-na-br-232","status":"publish","type":"post","link":"https:\/\/blogdoedvaldomagalhaes.com.br\/index.php\/2020\/08\/05\/carro-roubado-com-400-macos-de-cigarro-e-apreendido-pela-prf-na-br-232\/","title":{"rendered":"Carro roubado com 400 ma\u00e7os de cigarro \u00e9 apreendido pela PRF na BR 232"},"content":{"rendered":"<p style=\"text-align: justify;\"><span style=\"font-size: inherit;\">Um carro roubado que era utilizado para transportar 400 ma\u00e7os de cigarro de origem paraguaia e brasileira foi apreendido na noite de ter\u00e7a-feira (04), na BR 232, em S\u00e3o Caetano, no Agreste de Pernambuco. O flagrante foi realizado durante uma fiscaliza\u00e7\u00e3o da Pol\u00edcia Rodovi\u00e1ria Federal (PRF).<\/span><\/p>\n<p style=\"text-align: justify;\">Policiais deram ordem de parada ao motorista de um carro no quil\u00f4metro 145 da rodovia, que desobedeceu e fugiu em alta velocidade. Ap\u00f3s seis quil\u00f4metros de acompanhamento, o ve\u00edculo parou no acostamento e dois homens correram para um matagal. Foram realizadas buscas na regi\u00e3o, mas eles n\u00e3o foram localizados.<\/p>\n<p style=\"text-align: justify;\">No banco de tr\u00e1s do carro foram encontrados 40 pacotes de cigarro, com dez ma\u00e7os cada, e no banco do passageiro havia R$500,00. Ap\u00f3s uma verifica\u00e7\u00e3o, foi constatado que o ve\u00edculo havia sido roubado no dia 27 de julho deste ano em Caruaru, tamb\u00e9m no Agreste.<\/p>\n<p style=\"text-align: justify;\">O carro, o cigarro e o dinheiro foram encaminhados \u00e0 delegacia de Pol\u00edcia Civil de Caruaru, que ir\u00e1 investigar o caso.<\/p>\n\n\n<figure class=\"wp-block-image size-large\"><img loading=\"lazy\" decoding=\"async\" width=\"1024\" height=\"512\" src=\"https:\/\/blogdoedvaldomagalhaes.com.br\/wp-content\/uploads\/2020\/08\/IMG-20200805-WA0034-1024x512.jpg\" alt=\"\" class=\"wp-image-59733\" srcset=\"https:\/\/blogdoedvaldomagalhaes.com.br\/wp-content\/uploads\/2020\/08\/IMG-20200805-WA0034-1024x512.jpg 1024w, https:\/\/blogdoedvaldomagalhaes.com.br\/wp-content\/uploads\/2020\/08\/IMG-20200805-WA0034-300x150.jpg 300w, https:\/\/blogdoedvaldomagalhaes.com.br\/wp-content\/uploads\/2020\/08\/IMG-20200805-WA0034-768x384.jpg 768w, https:\/\/blogdoedvaldomagalhaes.com.br\/wp-content\/uploads\/2020\/08\/IMG-20200805-WA0034-1536x768.jpg 1536w, https:\/\/blogdoedvaldomagalhaes.com.br\/wp-content\/uploads\/2020\/08\/IMG-20200805-WA0034.jpg 1599w\" sizes=\"auto, (max-width: 1024px) 100vw, 1024px\" \/><\/figure>\n\n\n\n<figure class=\"wp-block-image size-large\"><img loading=\"lazy\" decoding=\"async\" width=\"1024\" height=\"593\" src=\"https:\/\/blogdoedvaldomagalhaes.com.br\/wp-content\/uploads\/2020\/08\/IMG-20200805-WA0036-1024x593.jpg\" alt=\"\" class=\"wp-image-59734\" srcset=\"https:\/\/blogdoedvaldomagalhaes.com.br\/wp-content\/uploads\/2020\/08\/IMG-20200805-WA0036-1024x593.jpg 1024w, https:\/\/blogdoedvaldomagalhaes.com.br\/wp-content\/uploads\/2020\/08\/IMG-20200805-WA0036-300x174.jpg 300w, https:\/\/blogdoedvaldomagalhaes.com.br\/wp-content\/uploads\/2020\/08\/IMG-20200805-WA0036-768x445.jpg 768w, https:\/\/blogdoedvaldomagalhaes.com.br\/wp-content\/uploads\/2020\/08\/IMG-20200805-WA0036.jpg 1241w\" sizes=\"auto, (max-width: 1024px) 100vw, 1024px\" \/><figcaption>Fotos: PRF\/Divulga\u00e7\u00e3o<\/figcaption><\/figure>\n","protected":false},"excerpt":{"rendered":"<p>Um carro roubado que era utilizado para transportar 400 ma\u00e7os de cigarro de origem paraguaia e brasileira foi apreendido na&hellip;<\/p>\n","protected":false},"author":1,"featured_media":59732,"comment_status":"open","ping_status":"open","sticky":false,"template":"","format":"standard","meta":{"footnotes":""},"categories":[14121],"tags":[2,19129,16881,2278],"class_list":["post-59731","post","type-post","status-publish","format-standard","has-post-thumbnail","hentry","category-policial","tag-blog-do-edvaldo-magalhaes","tag-carro-roubado-com-400-macos-de-cigarro-e-apreendido-pela-prf-na-br-232","tag-caruaru-e-regiao","tag-policia-rodoviaria-federal"],"_links":{"self":[{"href":"https:\/\/blogdoedvaldomagalhaes.com.br\/index.php\/wp-json\/wp\/v2\/posts\/59731","targetHints":{"allow":["GET"]}}],"collection":[{"href":"https:\/\/blogdoedvaldomagalhaes.com.br\/index.php\/wp-json\/wp\/v2\/posts"}],"about":[{"href":"https:\/\/blogdoedvaldomagalhaes.com.br\/index.php\/wp-json\/wp\/v2\/types\/post"}],"author":[{"embeddable":true,"href":"https:\/\/blogdoedvaldomagalhaes.com.br\/index.php\/wp-json\/wp\/v2\/users\/1"}],"replies":[{"embeddable":true,"href":"https:\/\/blogdoedvaldomagalhaes.com.br\/index.php\/wp-json\/wp\/v2\/comments?post=59731"}],"version-history":[{"count":1,"href":"https:\/\/blogdoedvaldomagalhaes.com.br\/index.php\/wp-json\/wp\/v2\/posts\/59731\/revisions"}],"predecessor-version":[{"id":59735,"href":"https:\/\/blogdoedvaldomagalhaes.com.br\/index.php\/wp-json\/wp\/v2\/posts\/59731\/revisions\/59735"}],"wp:featuredmedia":[{"embeddable":true,"href":"https:\/\/blogdoedvaldomagalhaes.com.br\/index.php\/wp-json\/wp\/v2\/media\/59732"}],"wp:attachment":[{"href":"https:\/\/blogdoedvaldomagalhaes.com.br\/index.php\/wp-json\/wp\/v2\/media?parent=59731"}],"wp:term":[{"taxonomy":"category","embeddable":true,"href":"https:\/\/blogdoedvaldomagalhaes.com.br\/index.php\/wp-json\/wp\/v2\/categories?post=59731"},{"taxonomy":"post_tag","embeddable":true,"href":"https:\/\/blogdoedvaldomagalhaes.com.br\/index.php\/wp-json\/wp\/v2\/tags?post=59731"}],"curies":[{"name":"wp","href":"https:\/\/api.w.org\/{rel}","templated":true}]}}